{"id":59627,"date":"2018-12-13T11:58:10","date_gmt":"2018-12-13T17:58:10","guid":{"rendered":"https:\/\/radiowebmx.com\/nota\/?p=59627"},"modified":"2018-12-13T11:58:10","modified_gmt":"2018-12-13T17:58:10","slug":"plan-educativo-nacional-devuelve-a-la-educacion-publica-su-vocacion-social-alfredo-ramirez","status":"publish","type":"post","link":"https:\/\/radiowebmx.com\/nota\/plan-educativo-nacional-devuelve-a-la-educacion-publica-su-vocacion-social-alfredo-ramirez\/","title":{"rendered":"Plan educativo nacional devuelve a la educaci\u00f3n p\u00fablica su vocaci\u00f3n social: Alfredo Ram\u00edrez"},"content":{"rendered":"<p class=\"x_MsoNormal\"><b>Morelia; Michoac\u00e1n, 13 de diciembre de 2018.-<\/b>\u00a0Reivindicar al magisterio como un factor de transformaci\u00f3n, y reafirmar el derecho de ni\u00f1as, ni\u00f1os y j\u00f3venes a la educaci\u00f3n como el inter\u00e9s supremo de la naci\u00f3n, son los principales aciertos del plan general de educaci\u00f3n presentado por el Presidente Andr\u00e9s Manuel L\u00f3pez Obrador, y que incluye una iniciativa de enmienda constitucional para abrogar la llamada \u201creforma educativa\u201d, expres\u00f3 el diputado Alfredo Ram\u00edrez Bedolla.<\/p>\n<p class=\"x_MsoNormal\">El presidente de la Junta de Coordinaci\u00f3n Pol\u00edtica en el Congreso del Estado afirm\u00f3 que por ser resultado de una amplia consulta nacional entre docentes, padres de familia, especialistas y ciudadanos, de ser aprobada la iniciativa de reforma en materia educativa, dar\u00eda la pauta para construir un nuevo pacto social desde las aulas, ya que el fortalecimiento de nuestro sistema educativo es inter\u00e9s de todos los sectores sociales y expresiones pol\u00edticas.<\/p>\n<p class=\"x_MsoNormal\">Al reconocer la importancia de la labor magisterial, y dignificar la figura del docente d\u00e1ndole alternativas de profesionalizaci\u00f3n permanente, el gobierno de Andr\u00e9s Manuel L\u00f3pez Orador traza una ruta de reconciliaci\u00f3n entre autoridades del sector educativo, profesores y padres de familia, en beneficio de la formaci\u00f3n de las ni\u00f1as y ni\u00f1os como ciudadanos integrales.<\/p>\n<p class=\"x_MsoNormal\">El coordinador del Grupo Parlamentario de Morena en la LXXIV Legislatura enfatiz\u00f3 que el Presidente de la Rep\u00fablica concibe a la educaci\u00f3n como un elemento cohesionador de comunidades, raz\u00f3n por la cual le concede a las pol\u00edticas educativas la posibilidad de tener caracter\u00edsticas regionales, y arraigarse en valores culturales y de identidad particulares.<\/p>\n<p class=\"x_MsoNormal\">Alfredo Ram\u00edrez concluy\u00f3 que en el proyecto de naci\u00f3n que encabeza Andr\u00e9s Manuel L\u00f3pez Obrador, la educaci\u00f3n recupera su vocaci\u00f3n social, y se convierte as\u00ed en un elemento esencial para la cuarta transformaci\u00f3n de la Rep\u00fablica, ya que busca la formaci\u00f3n de ciudadanos integrales, con valores humanistas, que sustenten una sociedad m\u00e1s justa y equitativa.<\/p>\n","protected":false},"excerpt":{"rendered":"<p>Morelia; Michoac\u00e1n, 13 de diciembre de 2018.-\u00a0Reivindicar al magisterio como un factor de transformaci\u00f3n, y reafirmar el derecho de ni\u00f1as, ni\u00f1os y j\u00f3venes a la educaci\u00f3n como el inter\u00e9s supremo de la naci\u00f3n, son los principales aciertos del plan general de educaci\u00f3n presentado por el Presidente Andr\u00e9s Manuel L\u00f3pez Obrador, y que incluye una iniciativa [&hellip;]<\/p>\n","protected":false},"author":2,"featured_media":59628,"comment_status":"closed","ping_status":"closed","sticky":false,"template":"","format":"standard","meta":{"footnotes":""},"categories":[6],"tags":[],"class_list":["post-59627","post","type-post","status-publish","format-standard","has-post-thumbnail","hentry","category-congreso-del-estado"],"_links":{"self":[{"href":"https:\/\/radiowebmx.com\/nota\/wp-json\/wp\/v2\/posts\/59627","targetHints":{"allow":["GET"]}}],"collection":[{"href":"https:\/\/radiowebmx.com\/nota\/wp-json\/wp\/v2\/posts"}],"about":[{"href":"https:\/\/radiowebmx.com\/nota\/wp-json\/wp\/v2\/types\/post"}],"author":[{"embeddable":true,"href":"https:\/\/radiowebmx.com\/nota\/wp-json\/wp\/v2\/users\/2"}],"replies":[{"embeddable":true,"href":"https:\/\/radiowebmx.com\/nota\/wp-json\/wp\/v2\/comments?post=59627"}],"version-history":[{"count":1,"href":"https:\/\/radiowebmx.com\/nota\/wp-json\/wp\/v2\/posts\/59627\/revisions"}],"predecessor-version":[{"id":59629,"href":"https:\/\/radiowebmx.com\/nota\/wp-json\/wp\/v2\/posts\/59627\/revisions\/59629"}],"wp:featuredmedia":[{"embeddable":true,"href":"https:\/\/radiowebmx.com\/nota\/wp-json\/wp\/v2\/media\/59628"}],"wp:attachment":[{"href":"https:\/\/radiowebmx.com\/nota\/wp-json\/wp\/v2\/media?parent=59627"}],"wp:term":[{"taxonomy":"category","embeddable":true,"href":"https:\/\/radiowebmx.com\/nota\/wp-json\/wp\/v2\/categories?post=59627"},{"taxonomy":"post_tag","embeddable":true,"href":"https:\/\/radiowebmx.com\/nota\/wp-json\/wp\/v2\/tags?post=59627"}],"curies":[{"name":"wp","href":"https:\/\/api.w.org\/{rel}","templated":true}]}}