{"id":59621,"date":"2018-12-12T19:15:58","date_gmt":"2018-12-13T01:15:58","guid":{"rendered":"https:\/\/radiowebmx.com\/nota\/?p=59621"},"modified":"2018-12-12T19:15:58","modified_gmt":"2018-12-13T01:15:58","slug":"exige-arturo-hernandez-claridad-al-gobierno-federal-en-el-presupuesto-para-michoacan","status":"publish","type":"post","link":"https:\/\/radiowebmx.com\/nota\/exige-arturo-hernandez-claridad-al-gobierno-federal-en-el-presupuesto-para-michoacan\/","title":{"rendered":"Exige Arturo Hern\u00e1ndez claridad al gobierno federal en el presupuesto para Michoac\u00e1n"},"content":{"rendered":"<p class=\"x_gmail-m564871390147831244gmail-msolistparagraph\">\u00b7\u00a0\u00a0\u00a0\u00a0\u00a0\u00a0\u00a0\u00a0\u00a0<i>Las declaraciones de los funcionarios del gobierno morenista causan confusi\u00f3n e inestabilidad en la entidad<\/i><i><\/i><\/p>\n<p class=\"x_gmail-m564871390147831244gmail-msolistparagraph\">\u00b7\u00a0\u00a0\u00a0\u00a0\u00a0\u00a0\u00a0\u00a0\u00a0<i>Preocupante que Michoac\u00e1n no sea una prioridad para el gobierno federal. La entidad requiere una ruta clara para la soluci\u00f3n del tema educativo y econ\u00f3mico<\/i><i><\/i><\/p>\n<p class=\"x_gmail-m564871390147831244gmail-msolistparagraph\">\u00b7\u00a0\u00a0\u00a0\u00a0\u00a0\u00a0\u00a0\u00a0\u00a0<i>Una vez aprobadas las leyes de ingresos municipales 2019, se enfocar\u00e1n los esfuerzos para el an\u00e1lisis y revisi\u00f3n del paquete fiscal 2019<\/i><i><\/i><\/p>\n<p class=\"x_MsoNormal\" align=\"center\"><strong>\u00a0<\/strong><\/p>\n<p class=\"x_MsoNormal\"><b>Morelia; Michoac\u00e1n, 12 de diciembre de 2018.-<\/b>\u00a0El Presidente de la Comisi\u00f3n de Hacienda y Deuda P\u00fablica en el Congreso Local, Arturo Hern\u00e1ndez V\u00e1zquez, exigi\u00f3 al gobierno federal claridad en el presupuesto 2019 para la entidad, ante las declaraciones de los funcionarios morenistas, quienes consider\u00f3, \u00fanicamente confunden y causan inestabilidad en Michoac\u00e1n.<\/p>\n<p class=\"x_MsoNormal\">Durante la sesi\u00f3n ordinaria del poder legislativo, donde se inici\u00f3 la aprobaci\u00f3n de las Leyes de Ingresos de 30 municipios, el vicecoordinador del grupo parlamentario del PAN, expres\u00f3 que los legisladores est\u00e1n listos para iniciar el an\u00e1lisis del paquete fiscal estatal, pero consider\u00f3 que se requiere que una ruta clara y precisa para el sector educativo.<\/p>\n<p class=\"x_MsoNormal\">\u201cNos preocupa que Michoac\u00e1n no sea una prioridad para el gobierno federal, en estos d\u00edas hemos visto diferentes declaraciones del Secretario de Educaci\u00f3n y de Roberto Pantoja, en los que no sabemos si habr\u00e1 recortes o no, si se federalizar\u00e1 la n\u00f3mina educativa o si habr\u00e1 un adelanto que tendremos que pagar m\u00e1s adelante. Nosotros estamos listos para trabajar en el paquete fiscal con lo que tenemos, pero es necesario que se aclaren los temas, sobre todo para mantener la estabilidad en el estado\u201d, expres\u00f3.<\/p>\n<p class=\"x_MsoNormal\">El diputado local del distrito 07, se\u00f1al\u00f3 que solicitar\u00e1n una reuni\u00f3n con el gobernador del estado, Silvano Aureoles Conejo, para que les informe la situaci\u00f3n del tema, pero consider\u00f3 que con manifestaciones o protestas no se resolver\u00e1 el pago de los docentes, sino por el contrario, se requiere que afronte al gobierno morenista, ya que son miles de trabajadores que est\u00e1n a la espera de su salario y prestaciones.<\/p>\n<p class=\"x_MsoNormal\">\u201cLa deficiencia presupuestal que tiene el estado solamente se resuelve con la federalizaci\u00f3n de la n\u00f3mina o con el apoyo del gobierno federal, pero la ruta no es marchando o con huelgas de hambre, el gobernador requiere afrontar a la federaci\u00f3n y trabajar en conjunto para tener una ruta clara y precisa\u201d, asegur\u00f3.<\/p>\n<p class=\"x_MsoNormal\">Inform\u00f3 que se tiene previsto aprobar las Leyes de Ingresos de los municipios a m\u00e1s tardar el 19 de diciembre, las cuales fueron analizadas en Comisiones Unidas de Presupuesto y Hacienda, para evitar aumentos injustificados en impuestos y servicios, por lo que garantiz\u00f3 que se dio cumplimiento, tanto al calendario propuesto, como a su compromiso de velar por el bien de los michoacanos.<\/p>\n","protected":false},"excerpt":{"rendered":"<p>\u00b7\u00a0\u00a0\u00a0\u00a0\u00a0\u00a0\u00a0\u00a0\u00a0Las declaraciones de los funcionarios del gobierno morenista causan confusi\u00f3n e inestabilidad en la entidad \u00b7\u00a0\u00a0\u00a0\u00a0\u00a0\u00a0\u00a0\u00a0\u00a0Preocupante que Michoac\u00e1n no sea una prioridad para el gobierno federal. La entidad requiere una ruta clara para la soluci\u00f3n del tema educativo y econ\u00f3mico \u00b7\u00a0\u00a0\u00a0\u00a0\u00a0\u00a0\u00a0\u00a0\u00a0Una vez aprobadas las leyes de ingresos municipales 2019, se enfocar\u00e1n los esfuerzos para el [&hellip;]<\/p>\n","protected":false},"author":2,"featured_media":59622,"comment_status":"closed","ping_status":"closed","sticky":false,"template":"","format":"standard","meta":{"footnotes":""},"categories":[6],"tags":[],"class_list":["post-59621","post","type-post","status-publish","format-standard","has-post-thumbnail","hentry","category-congreso-del-estado"],"_links":{"self":[{"href":"https:\/\/radiowebmx.com\/nota\/wp-json\/wp\/v2\/posts\/59621","targetHints":{"allow":["GET"]}}],"collection":[{"href":"https:\/\/radiowebmx.com\/nota\/wp-json\/wp\/v2\/posts"}],"about":[{"href":"https:\/\/radiowebmx.com\/nota\/wp-json\/wp\/v2\/types\/post"}],"author":[{"embeddable":true,"href":"https:\/\/radiowebmx.com\/nota\/wp-json\/wp\/v2\/users\/2"}],"replies":[{"embeddable":true,"href":"https:\/\/radiowebmx.com\/nota\/wp-json\/wp\/v2\/comments?post=59621"}],"version-history":[{"count":1,"href":"https:\/\/radiowebmx.com\/nota\/wp-json\/wp\/v2\/posts\/59621\/revisions"}],"predecessor-version":[{"id":59623,"href":"https:\/\/radiowebmx.com\/nota\/wp-json\/wp\/v2\/posts\/59621\/revisions\/59623"}],"wp:featuredmedia":[{"embeddable":true,"href":"https:\/\/radiowebmx.com\/nota\/wp-json\/wp\/v2\/media\/59622"}],"wp:attachment":[{"href":"https:\/\/radiowebmx.com\/nota\/wp-json\/wp\/v2\/media?parent=59621"}],"wp:term":[{"taxonomy":"category","embeddable":true,"href":"https:\/\/radiowebmx.com\/nota\/wp-json\/wp\/v2\/categories?post=59621"},{"taxonomy":"post_tag","embeddable":true,"href":"https:\/\/radiowebmx.com\/nota\/wp-json\/wp\/v2\/tags?post=59621"}],"curies":[{"name":"wp","href":"https:\/\/api.w.org\/{rel}","templated":true}]}}