{"id":5962,"date":"2014-03-11T11:15:07","date_gmt":"2014-03-11T17:15:07","guid":{"rendered":"https:\/\/radiowebmx.com\/nota\/?p=5962"},"modified":"2014-03-11T11:15:07","modified_gmt":"2014-03-11T17:15:07","slug":"buscan-la-suma-y-cofom-fomentar-la-proteccion-y-conservacion-de-la-vida-silvestre","status":"publish","type":"post","link":"https:\/\/radiowebmx.com\/nota\/buscan-la-suma-y-cofom-fomentar-la-proteccion-y-conservacion-de-la-vida-silvestre\/","title":{"rendered":"BUSCAN LA SUMA Y COFOM FOMENTAR LA PROTECCI\u00d3N Y CONSERVACI\u00d3N DE LA VIDA SILVESTRE"},"content":{"rendered":"<p><a href=\"https:\/\/radiowebmx.com\/nota\/wp-content\/uploads\/2014\/03\/IMG_62761.jpg\"><img loading=\"lazy\" decoding=\"async\" class=\"alignleft size-full wp-image-5963\" alt=\"IMG_6276[1]\" src=\"https:\/\/radiowebmx.com\/nota\/wp-content\/uploads\/2014\/03\/IMG_62761.jpg\" width=\"591\" height=\"317\" \/><\/a>Para fomentar la protecci\u00f3n, conservaci\u00f3n y aprovechamiento sustentable de la vida silvestre en la entidad, se firm\u00f3 un convenio de colaboraci\u00f3n entre la Secretar\u00eda de Urbanismo y Medio Ambiente (SUMA), y la Comisi\u00f3n Forestal de Michoac\u00e1n (COFOM).<\/p>\n<p>&nbsp;<\/p>\n<p>En el documento signado por los titulares de ambas instituciones, Mauro Ram\u00f3n Ballesteros Figueroa y Martha Josefina Rodr\u00edguez Casillas, respectivamente, se establece tambi\u00e9n el compromiso de promover la incorporaci\u00f3n de contenidos ambientales en la pol\u00edtica educativa y en los planes y programas de estudio, encauzadas hacia el desarrollo sustentable del estado.<\/p>\n<p>&nbsp;<\/p>\n<p>Adem\u00e1s, de conformidad con el Art\u00edculo 8 de la Ley Ambiental y de Protecci\u00f3n del Patrimonio Natural del Estado de Michoac\u00e1n, ser\u00e1 facultad de la Secretar\u00eda de Urbanismo y Medio Ambiente promover el desarrollo de las funciones que en materia de vida silvestre se deriven, as\u00ed como fomentar la regularizaci\u00f3n y el establecimiento de Unidades de Manejo para la Conservaci\u00f3n de la Vida Silvestre en el Estado, acciones que se llevar\u00e1n a cabo en coordinaci\u00f3n con la Comisi\u00f3n Forestal de Michoac\u00e1n.<\/p>\n<p>&nbsp;<\/p>\n<p><b>REALIZAR\u00c1N PRIMER ENCUENTRO REGIONAL DE UMA&#8217;S<\/b><\/p>\n<p>&nbsp;<\/p>\n<p>Por otro lado, al realizarse la primera sesi\u00f3n extraordinaria del Comit\u00e9 T\u00e9cnico de Vida Silvestre, que preside el titular de SUMA, Mauro Ram\u00f3n Ballesteros Figueroa, se acord\u00f3 empezar a trabajar en el cumplimiento de los prop\u00f3sitos de ese organismo, entre los que figura el promover la conservaci\u00f3n de la vida silvestre y su h\u00e1bitat, mediante la protecci\u00f3n y la exigencia de niveles \u00f3ptimos de aprovechamiento sustentable.<\/p>\n<p>&nbsp;<\/p>\n<p>Asimismo, en esta reuni\u00f3n qued\u00f3 conformado el Comit\u00e9 Organizador de lo que ser\u00e1 el Primer Encuentro Regional de UMA\u2019s del Centro-Occidente, a efectuarse en esta ciudad capital del 5 al 7 de junio pr\u00f3ximo, con la presencia de representantes de los estados pertenecientes a la zona centro del pa\u00eds.<\/p>\n<p>&nbsp;<\/p>\n<p>Estuvieron presentes los titulares y representantes de diversas instituciones, entre ellas de la Universidad Michoacana de San Nicol\u00e1s de Hidalgo; la Procuradur\u00eda de Protecci\u00f3n al Ambiente; la Secretar\u00eda de Desarrollo Rural; el Consejo Estatal de Ecolog\u00eda; Procuradur\u00eda Federal de Protecci\u00f3n al Ambiente, la Comisi\u00f3n Nacional Forestal, entre otras.<\/p>\n","protected":false},"excerpt":{"rendered":"<p>Para fomentar la protecci\u00f3n, conservaci\u00f3n y aprovechamiento sustentable de la vida silvestre en la entidad, se firm\u00f3 un convenio de colaboraci\u00f3n entre la Secretar\u00eda de Urbanismo y Medio Ambiente (SUMA), y la Comisi\u00f3n Forestal de Michoac\u00e1n (COFOM).<\/p>\n","protected":false},"author":1,"featured_media":0,"comment_status":"open","ping_status":"open","sticky":false,"template":"","format":"standard","meta":{"footnotes":""},"categories":[14,3],"tags":[],"class_list":["post-5962","post","type-post","status-publish","format-standard","hentry","category-destacadas","category-gobierno-del-estado-de-michoacan"],"_links":{"self":[{"href":"https:\/\/radiowebmx.com\/nota\/wp-json\/wp\/v2\/posts\/5962","targetHints":{"allow":["GET"]}}],"collection":[{"href":"https:\/\/radiowebmx.com\/nota\/wp-json\/wp\/v2\/posts"}],"about":[{"href":"https:\/\/radiowebmx.com\/nota\/wp-json\/wp\/v2\/types\/post"}],"author":[{"embeddable":true,"href":"https:\/\/radiowebmx.com\/nota\/wp-json\/wp\/v2\/users\/1"}],"replies":[{"embeddable":true,"href":"https:\/\/radiowebmx.com\/nota\/wp-json\/wp\/v2\/comments?post=5962"}],"version-history":[{"count":1,"href":"https:\/\/radiowebmx.com\/nota\/wp-json\/wp\/v2\/posts\/5962\/revisions"}],"predecessor-version":[{"id":5964,"href":"https:\/\/radiowebmx.com\/nota\/wp-json\/wp\/v2\/posts\/5962\/revisions\/5964"}],"wp:attachment":[{"href":"https:\/\/radiowebmx.com\/nota\/wp-json\/wp\/v2\/media?parent=5962"}],"wp:term":[{"taxonomy":"category","embeddable":true,"href":"https:\/\/radiowebmx.com\/nota\/wp-json\/wp\/v2\/categories?post=5962"},{"taxonomy":"post_tag","embeddable":true,"href":"https:\/\/radiowebmx.com\/nota\/wp-json\/wp\/v2\/tags?post=5962"}],"curies":[{"name":"wp","href":"https:\/\/api.w.org\/{rel}","templated":true}]}}