{"id":596,"date":"2012-12-13T09:35:53","date_gmt":"2012-12-13T15:35:53","guid":{"rendered":"https:\/\/radiowebmx.com\/nota\/?p=596"},"modified":"2012-12-13T09:37:15","modified_gmt":"2012-12-13T15:37:15","slug":"ijum-presenta-la-tarjeta-poder-joven","status":"publish","type":"post","link":"https:\/\/radiowebmx.com\/nota\/ijum-presenta-la-tarjeta-poder-joven\/","title":{"rendered":"IJUM presenta la tarjeta \u201cPoder Joven\u201d"},"content":{"rendered":"<p><img loading=\"lazy\" decoding=\"async\" class=\"alignleft\" src=\"http:\/\/img254.imageshack.us\/img254\/1576\/pablocsarsnchezsilvaiju.jpg\" alt=\"\" width=\"591\" height=\"637\" \/>Gracias a la Suma de Voluntades del Instituto Mexicano de la Juventud y el Instituto de la Juventud Moreliana (IJUM), encabezado por Pablo Cesar S\u00e1nchez Silva, los morelianos de entre 18 y 30 a\u00f1os podr\u00e1n disfrutar de los beneficios de una tarjeta de descuentos.<\/p>\n<p>El titular del IJUM fue el encargado de gestionar las tarjetas \u201cPoder Joven\u201d y emiti\u00f3 un llamado a las empresas morelianas a unirse a este movimiento ya las empresas que ofrecen descuentos en sus servicios a la juventud moreliana.<\/p>\n<p>L\u00edneas de autobuses, \u00f3pticas, restaurantes y tiendas de ropa son algunos de los lugares que contar\u00e1n con descuentos para quienes porten la tarjeta, agreg\u00f3 S\u00e1nchez Silva.<\/p>\n<p>Finalmente invit\u00f3 a los interesados a acudir a las instalaciones del IJUM en la Avenida Periodismo, en la antigua estaci\u00f3n del tren, con la credencial de elector y visitar los sitios web\u00a0<a href=\"http:\/\/www.poderjoven.org.mx\/\" target=\"_blank\">www.poderjoven.org.mx\/<\/a>\u00a0y\u00a0<a href=\"http:\/\/ijum.mx\/\" target=\"_blank\">\/ijum.mx\/<\/a>, para mantenerse al tanto de los beneficios que este distintivo les traer\u00e1 a los j\u00f3venes morelianos, acot\u00f3 el titular de la dependencia.<\/p>\n","protected":false},"excerpt":{"rendered":"<p>Gracias a la Suma de Voluntades del Instituto Mexicano de la Juventud y el Instituto de la Juventud Moreliana (IJUM), encabezado por Pablo Cesar S\u00e1nchez Silva, los morelianos de entre 18 y 30 a\u00f1os podr\u00e1n disfrutar de los beneficios de una tarjeta de descuentos.<\/p>\n","protected":false},"author":1,"featured_media":0,"comment_status":"open","ping_status":"open","sticky":false,"template":"","format":"standard","meta":{"footnotes":""},"categories":[3],"tags":[],"class_list":["post-596","post","type-post","status-publish","format-standard","hentry","category-gobierno-del-estado-de-michoacan"],"_links":{"self":[{"href":"https:\/\/radiowebmx.com\/nota\/wp-json\/wp\/v2\/posts\/596","targetHints":{"allow":["GET"]}}],"collection":[{"href":"https:\/\/radiowebmx.com\/nota\/wp-json\/wp\/v2\/posts"}],"about":[{"href":"https:\/\/radiowebmx.com\/nota\/wp-json\/wp\/v2\/types\/post"}],"author":[{"embeddable":true,"href":"https:\/\/radiowebmx.com\/nota\/wp-json\/wp\/v2\/users\/1"}],"replies":[{"embeddable":true,"href":"https:\/\/radiowebmx.com\/nota\/wp-json\/wp\/v2\/comments?post=596"}],"version-history":[{"count":3,"href":"https:\/\/radiowebmx.com\/nota\/wp-json\/wp\/v2\/posts\/596\/revisions"}],"predecessor-version":[{"id":598,"href":"https:\/\/radiowebmx.com\/nota\/wp-json\/wp\/v2\/posts\/596\/revisions\/598"}],"wp:attachment":[{"href":"https:\/\/radiowebmx.com\/nota\/wp-json\/wp\/v2\/media?parent=596"}],"wp:term":[{"taxonomy":"category","embeddable":true,"href":"https:\/\/radiowebmx.com\/nota\/wp-json\/wp\/v2\/categories?post=596"},{"taxonomy":"post_tag","embeddable":true,"href":"https:\/\/radiowebmx.com\/nota\/wp-json\/wp\/v2\/tags?post=596"}],"curies":[{"name":"wp","href":"https:\/\/api.w.org\/{rel}","templated":true}]}}