{"id":59590,"date":"2018-12-12T18:42:54","date_gmt":"2018-12-13T00:42:54","guid":{"rendered":"https:\/\/radiowebmx.com\/nota\/?p=59590"},"modified":"2018-12-12T18:42:54","modified_gmt":"2018-12-13T00:42:54","slug":"aprueba-congreso-reforma-constitucional-en-materia-de-derechos-humanos","status":"publish","type":"post","link":"https:\/\/radiowebmx.com\/nota\/aprueba-congreso-reforma-constitucional-en-materia-de-derechos-humanos\/","title":{"rendered":"Aprueba Congreso reforma constitucional en materia de derechos humanos"},"content":{"rendered":"<p class=\"x_MsoNormal\"><b>Morelia; Michoac\u00e1n, 12 de diciembre de 2018.-<\/b>\u00a0En sesi\u00f3n ordinaria, el Pleno de la LXXIV Legislatura aprob\u00f3 el dictamen con proyecto de decreto mediante el cual se reforma el art\u00edculo 1\u00ba de la Constituci\u00f3n Pol\u00edtica del Estado Libre y Soberano de Michoac\u00e1n de Ocampo.<\/p>\n<p class=\"x_MsoNormal\">El dictamen presentado por los diputados integrantes de las Comisiones Unidas de Puntos Constitucionales y Derechos Humanos, destaca la importancia de cambiar el termino otorga por<i>reconoce<\/i>, en el primer p\u00e1rrafo del art\u00edculo primero de la Constituci\u00f3n Pol\u00edtica del Estado, a efecto de llevar a cabo una armonizaci\u00f3n con el paradigma constitucional vigente en materia de derechos humanos.<\/p>\n<p class=\"x_MsoNormal\">En ese sentido, la reforma establece que en el Estado de Michoac\u00e1n todas las personas gozar\u00e1n de los derechos humanos que reconoce la Constituci\u00f3n Pol\u00edtica de los Estados Unidos Mexicanos y en los tratados internacionales de los que el Estado Mexicano sea parte, as\u00ed como de las garant\u00edas para su protecci\u00f3n, cuyo ejercicio no podr\u00e1 restringirse ni suspenderse, salvo en los casos y bajo las condiciones que la Constituci\u00f3n Federal se\u00f1ala, as\u00ed como de los dem\u00e1s derechos establecidos en esta Constituci\u00f3n y en las leyes que de ambas emanen.<\/p>\n<p class=\"x_MsoNormal\">Dicho cambio, es el reflejo y armonizaci\u00f3n con el cambio de paradigma que se plasm\u00f3 en la Constituci\u00f3n Pol\u00edtica de los Estados Unidos Mexicanos, con la reforma en materia de Derechos Humanos del 10 de junio de 2011.<\/p>\n<p class=\"x_MsoNormal\">Cabe se\u00f1alar que dicha reforma transform\u00f3 la forma de concebir, interpretar y aplicar los derechos humanos, partiendo de un cambio de pensamiento sobre lo que representan dichos derechos; pasando de la percepci\u00f3n de ser garant\u00edas individuales otorgadas por el Estado, a ser derechos fundamentales con los que cada persona cuenta por el simple hecho de ser humano, siendo la Constituci\u00f3n General \u00fanicamente el mecanismo de reconocimiento de estas prerrogativas. El dictamen se envi\u00f3 a los cabildos de los 112 municipios y al Consejo Mayor de Cher\u00e1n para su discusi\u00f3n y votaci\u00f3n.<\/p>\n","protected":false},"excerpt":{"rendered":"<p>Morelia; Michoac\u00e1n, 12 de diciembre de 2018.-\u00a0En sesi\u00f3n ordinaria, el Pleno de la LXXIV Legislatura aprob\u00f3 el dictamen con proyecto de decreto mediante el cual se reforma el art\u00edculo 1\u00ba de la Constituci\u00f3n Pol\u00edtica del Estado Libre y Soberano de Michoac\u00e1n de Ocampo. El dictamen presentado por los diputados integrantes de las Comisiones Unidas de [&hellip;]<\/p>\n","protected":false},"author":2,"featured_media":59591,"comment_status":"closed","ping_status":"closed","sticky":false,"template":"","format":"standard","meta":{"footnotes":""},"categories":[6],"tags":[],"class_list":["post-59590","post","type-post","status-publish","format-standard","has-post-thumbnail","hentry","category-congreso-del-estado"],"_links":{"self":[{"href":"https:\/\/radiowebmx.com\/nota\/wp-json\/wp\/v2\/posts\/59590","targetHints":{"allow":["GET"]}}],"collection":[{"href":"https:\/\/radiowebmx.com\/nota\/wp-json\/wp\/v2\/posts"}],"about":[{"href":"https:\/\/radiowebmx.com\/nota\/wp-json\/wp\/v2\/types\/post"}],"author":[{"embeddable":true,"href":"https:\/\/radiowebmx.com\/nota\/wp-json\/wp\/v2\/users\/2"}],"replies":[{"embeddable":true,"href":"https:\/\/radiowebmx.com\/nota\/wp-json\/wp\/v2\/comments?post=59590"}],"version-history":[{"count":1,"href":"https:\/\/radiowebmx.com\/nota\/wp-json\/wp\/v2\/posts\/59590\/revisions"}],"predecessor-version":[{"id":59592,"href":"https:\/\/radiowebmx.com\/nota\/wp-json\/wp\/v2\/posts\/59590\/revisions\/59592"}],"wp:featuredmedia":[{"embeddable":true,"href":"https:\/\/radiowebmx.com\/nota\/wp-json\/wp\/v2\/media\/59591"}],"wp:attachment":[{"href":"https:\/\/radiowebmx.com\/nota\/wp-json\/wp\/v2\/media?parent=59590"}],"wp:term":[{"taxonomy":"category","embeddable":true,"href":"https:\/\/radiowebmx.com\/nota\/wp-json\/wp\/v2\/categories?post=59590"},{"taxonomy":"post_tag","embeddable":true,"href":"https:\/\/radiowebmx.com\/nota\/wp-json\/wp\/v2\/tags?post=59590"}],"curies":[{"name":"wp","href":"https:\/\/api.w.org\/{rel}","templated":true}]}}