{"id":59504,"date":"2018-12-10T12:17:15","date_gmt":"2018-12-10T18:17:15","guid":{"rendered":"https:\/\/radiowebmx.com\/nota\/?p=59504"},"modified":"2018-12-10T12:17:15","modified_gmt":"2018-12-10T18:17:15","slug":"erradicar-violencia-fisica-y-psicologica-en-menores-propone-adrian-lopez-solis","status":"publish","type":"post","link":"https:\/\/radiowebmx.com\/nota\/erradicar-violencia-fisica-y-psicologica-en-menores-propone-adrian-lopez-solis\/","title":{"rendered":"Erradicar violencia f\u00edsica y psicol\u00f3gica en menores propone Adri\u00e1n L\u00f3pez Sol\u00eds"},"content":{"rendered":"<ul type=\"disc\">\n<li class=\"x_MsoNormal\"><i>Plantea mayor protecci\u00f3n a la ni\u00f1ez y adolescentes, para garantizarles una vida libre de violencia<\/i><\/li>\n<li class=\"x_MsoNormal\"><i>Se establece el incrementar penas para quienes violenten a los menores<\/i><\/li>\n<\/ul>\n<ul type=\"disc\">\n<li class=\"x_MsoNormal\"><i>Llama a erradicar cualquier tipo de violencia y castigo corporal, f\u00edsico y psicol\u00f3gico desde el hogar<\/i><\/li>\n<\/ul>\n<p class=\"x_gmail-MsoNoSpacing\"><b>\u00a0<\/b><\/p>\n<p class=\"x_MsoNormal\"><b>Morelia, Michoac\u00e1n; 09 de diciembre de 2018.-<\/b>\u00a0\u00a0Para garantizar mayor protecci\u00f3n a los ni\u00f1os y a los adolescentes, para que puedan tener una vida libre de violencia y para erradicar el maltrato f\u00edsico y psicol\u00f3gico del que son v\u00edctimas, el coordinador del Grupo Parlamentario del PRD en la LXXIV Legislatura Local, Adri\u00e1n L\u00f3pez Sol\u00eds presentar\u00e1 una iniciativa de reforma al C\u00f3digo Familiar, al C\u00f3digo Penal y a la Ley de los Derechos de las Ni\u00f1as y Ni\u00f1os Adolescentes, todas para el Estado de Michoac\u00e1n.<\/p>\n<p class=\"x_MsoNormal\">\n<p class=\"x_MsoNormal\">\u201cEs necesario reformar la legislaci\u00f3n para que Michoac\u00e1n cumpla cabalmente con todas sus obligaciones en materia de prevenir y garantizar el goce y ejercicio del derecho a la integridad personal y a una vida digna libre de violencia de todas las personas menores de 18 a\u00f1os\u201d.<\/p>\n<p class=\"x_MsoNormal\">\n<p class=\"x_MsoNormal\">El l\u00edder de la bancada perredista subray\u00f3 que es fundamental que nuestro estado avance en la prohibici\u00f3n y eliminaci\u00f3n de toda forma de castigo corporal, como medida de protecci\u00f3n a los menores y adolescentes, adem\u00e1s de caminar a una nueva cultura de respeto y en la conformaci\u00f3n de una sociedad libre de violencia.<\/p>\n<p class=\"x_MsoNormal\">\n<p class=\"x_MsoNormal\">En la iniciativa que presentar\u00e1 en la siguiente sesi\u00f3n, establece, que quienes causen lesiones o impongan castigos corporales f\u00edsicos o psicol\u00f3gicos sin importar la relaci\u00f3n que tengan, -sean familiares, maestros, tutores- se les incrementar\u00e1 en una mitad la pena que corresponda por las lesiones inferidas.<\/p>\n<p class=\"x_MsoNormal\">\n<p class=\"x_MsoNormal\">\u201cSin duda tenemos un enorme reto en esta materia, debemos avanzar por un sistema de garant\u00eda para los ni\u00f1os y debemos impulsar un plan integral que garantice el desarrollo de la ni\u00f1ez, y propiciar un correcto ejercicio de sus derechos, para que la justicia se aplique y sea justa\u201d.<\/p>\n<p class=\"x_MsoNormal\">\n<p class=\"x_MsoNormal\">Adri\u00e1n L\u00f3pez reconoci\u00f3 que se tienen grandes pendientes en nuestro pa\u00eds en pro de la ni\u00f1ez, por ello, desde la m\u00e1xima tribuna del Congreso del Estado, plantear\u00e1 dicha iniciativa para que en la entidad se castigue con penas m\u00e1s severas a quienes maltraten f\u00edsicamente o psicol\u00f3gicamente a un menor.<\/p>\n<p class=\"x_MsoNormal\">\n<p class=\"x_MsoNormal\">El coordinador del Grupo Parlamentario del PRD reiter\u00f3 que es necesario que Michoac\u00e1n centre una mayor importancia en este problema social, ya que el da\u00f1o causado a un menor es irreversible y los castigos corporales tienen un gran impacto en su desarrollo.<\/p>\n<p class=\"x_MsoNormal\">\n<p class=\"x_MsoNormal\">Al referir que los cimientos de nuestra sociedad son los ni\u00f1os, ni\u00f1as y adolescentes y que tambi\u00e9n son sujetos de derechos, recalc\u00f3 que en Michoac\u00e1n la implementaci\u00f3n de la justicia especializada en materia infantil, debe fortalecerse para mejorar las condiciones de vida de este sector y garantizar sus derechos.<\/p>\n<p class=\"x_MsoNormal\">\n<p class=\"x_MsoNormal\">De acuerdo con las estad\u00edsticas, en nuestro pa\u00eds el 63% de ni\u00f1as, ni\u00f1os y adolescentes de 1 a 14 a\u00f1os de edad, han experimentado alg\u00fan m\u00e9todo de disciplina violenta, y un 44% castigo f\u00edsico y un 6% castigo f\u00edsico severo. Por ello, hizo un llamado a todos los poderes, niveles de gobierno y sociedad en su conjunto a eliminar la violencia contra ni\u00f1as, ni\u00f1os y adolescentes.<\/p>\n<p class=\"x_MsoNormal\">\n<p class=\"x_MsoNormal\">Record\u00f3 que 19 entidades federativas prev\u00e9n textualmente la prohibici\u00f3n de infligir da\u00f1o a las ni\u00f1as, ni\u00f1os o adolescentes que se encuentren bajo patria potestad, o castigo corporal apelando a la facultad de corregir, orientar, educar o formarlos y han armonizado su legislaci\u00f3n, tema en el que Michoac\u00e1n requiere avanzar, ya que no est\u00e1 establecido en la legislaci\u00f3n vigente.<\/p>\n<p class=\"x_MsoNormal\">\n<p class=\"x_MsoNormal\">De cristalizarse dicha iniciativa, dijo que nuestra entidad tendr\u00eda la armonizaci\u00f3n legal correspondiente para la prohibici\u00f3n del castigo corporal en las normas locales, y adem\u00e1s de contribuir en la definici\u00f3n de las tareas a realizar para hacer realidad el cambio sociocultural que se requiere.<\/p>\n","protected":false},"excerpt":{"rendered":"<p>Plantea mayor protecci\u00f3n a la ni\u00f1ez y adolescentes, para garantizarles una vida libre de violencia Se establece el incrementar penas para quienes violenten a los menores Llama a erradicar cualquier tipo de violencia y castigo corporal, f\u00edsico y psicol\u00f3gico desde el hogar \u00a0 Morelia, Michoac\u00e1n; 09 de diciembre de 2018.-\u00a0\u00a0Para garantizar mayor protecci\u00f3n a los [&hellip;]<\/p>\n","protected":false},"author":2,"featured_media":59505,"comment_status":"closed","ping_status":"closed","sticky":false,"template":"","format":"standard","meta":{"footnotes":""},"categories":[6],"tags":[],"class_list":["post-59504","post","type-post","status-publish","format-standard","has-post-thumbnail","hentry","category-congreso-del-estado"],"_links":{"self":[{"href":"https:\/\/radiowebmx.com\/nota\/wp-json\/wp\/v2\/posts\/59504","targetHints":{"allow":["GET"]}}],"collection":[{"href":"https:\/\/radiowebmx.com\/nota\/wp-json\/wp\/v2\/posts"}],"about":[{"href":"https:\/\/radiowebmx.com\/nota\/wp-json\/wp\/v2\/types\/post"}],"author":[{"embeddable":true,"href":"https:\/\/radiowebmx.com\/nota\/wp-json\/wp\/v2\/users\/2"}],"replies":[{"embeddable":true,"href":"https:\/\/radiowebmx.com\/nota\/wp-json\/wp\/v2\/comments?post=59504"}],"version-history":[{"count":1,"href":"https:\/\/radiowebmx.com\/nota\/wp-json\/wp\/v2\/posts\/59504\/revisions"}],"predecessor-version":[{"id":59506,"href":"https:\/\/radiowebmx.com\/nota\/wp-json\/wp\/v2\/posts\/59504\/revisions\/59506"}],"wp:featuredmedia":[{"embeddable":true,"href":"https:\/\/radiowebmx.com\/nota\/wp-json\/wp\/v2\/media\/59505"}],"wp:attachment":[{"href":"https:\/\/radiowebmx.com\/nota\/wp-json\/wp\/v2\/media?parent=59504"}],"wp:term":[{"taxonomy":"category","embeddable":true,"href":"https:\/\/radiowebmx.com\/nota\/wp-json\/wp\/v2\/categories?post=59504"},{"taxonomy":"post_tag","embeddable":true,"href":"https:\/\/radiowebmx.com\/nota\/wp-json\/wp\/v2\/tags?post=59504"}],"curies":[{"name":"wp","href":"https:\/\/api.w.org\/{rel}","templated":true}]}}