{"id":59490,"date":"2018-12-10T12:09:33","date_gmt":"2018-12-10T18:09:33","guid":{"rendered":"https:\/\/radiowebmx.com\/nota\/?p=59490"},"modified":"2018-12-10T12:09:33","modified_gmt":"2018-12-10T18:09:33","slug":"libertad-inmediata-exige-brenda-fraga-para-los-integrantes-del-concejo-ciudadano-indigena-de-nahuatzen","status":"publish","type":"post","link":"https:\/\/radiowebmx.com\/nota\/libertad-inmediata-exige-brenda-fraga-para-los-integrantes-del-concejo-ciudadano-indigena-de-nahuatzen\/","title":{"rendered":"Libertad inmediata exige Brenda Fraga para los integrantes del Concejo Ciudadano Ind\u00edgena de Nahuatzen"},"content":{"rendered":"<p class=\"x_MsoNormal\"><i>\u2022 Los detenidos en noviembre pasado son presos pol\u00edticos y no cometieron ning\u00fan delito, manifest\u00f3 la legisladora<\/i><\/p>\n<p class=\"x_MsoNormal\"><i>\u00a0<\/i><\/p>\n<p class=\"x_MsoNormal\"><strong><i>\u00a0<\/i><\/strong><\/p>\n<p class=\"x_MsoNormal\"><b>Morelia, Michoac\u00e1n; 08 de diciembre de 2018.-<\/b>\u00a0Los tres integrantes del Concejo Ciudadano Ind\u00edgena de Nahuatzen (CCIN), detenidos en noviembre pasado son presos pol\u00edticos, por lo cual, deben ser liberados de inmediato y es por ello que la diputada local Brenda Fraga exhortar\u00e1 al Gobierno del Estado.<\/p>\n<p class=\"x_MsoNormal\">\n<p class=\"x_MsoNormal\">En reuniones con los familiares, la defensa y los propios afectados, la legisladora corrobor\u00f3 lo que los integrantes del CCIN han venido manifestando y es que los supuestos delitos por los cuales se les acusa, no est\u00e1n probados ni argumentados de manera legal, sin embargo siguen privados de su libertad, adem\u00e1s que gran parte de los integrantes del Concejo se sienten amenazados y tienen \u00f3rdenes de aprehensi\u00f3n.<\/p>\n<p class=\"x_MsoNormal\">\n<p class=\"x_MsoNormal\">Ante esta situaci\u00f3n la legisladora expres\u00f3 que \u201ces necesario hacer un llamado al gobierno del estado para que evite la represi\u00f3n y todo tipo de hostigamiento contra el Concejo Ciudadano Ind\u00edgena de Nahuatzen y genere condiciones para el establecimiento de una mesa de di\u00e1logo, con la representaci\u00f3n de todos los actores involucrados\u201d.<\/p>\n<p class=\"x_MsoNormal\">\n<p class=\"x_MsoNormal\">Fraga Guti\u00e9rrez, manifest\u00f3 que la detenci\u00f3n y tortura de los detenidos y la persecuci\u00f3n de sus compa\u00f1eros, lo \u00fanico que prueba es que el encarcelamiento de Jos\u00e9 Antonio A., Jos\u00e9 Luis J. y Gerardo T. es por una pugna y revancha pol\u00edtica y no porque hayan participado en la comisi\u00f3n de alg\u00fan delito.<\/p>\n<p class=\"x_MsoNormal\">\n<p class=\"x_MsoNormal\">Reiter\u00f3: \u201cno podemos permitir que se sigan violentando los derechos de los ciudadanos en Michoac\u00e1n. La detenci\u00f3n de estas tres personas, adem\u00e1s de que se realiz\u00f3 de una manera arbitraria, se hizo sin pruebas legales contundentes. Por las caracter\u00edsticas de este agravio, no dudamos que sean presos pol\u00edticos\u201d.<\/p>\n<p class=\"x_MsoNormal\">\n<p class=\"x_MsoNormal\">Por \u00faltimo, la legisladora garantiz\u00f3 al CCIN darle seguimiento puntual a este caso que a todas luces es irregular y por el cual, tres familias est\u00e1n sufriendo y padeciendo la falta de sustento econ\u00f3mico. Y recalc\u00f3, que no es posible que se siga detenido a la gente por luchar por una vida mejor; que el conflicto en Nahuatzen lo que requiere es un di\u00e1logo urgente y no la judicializaci\u00f3n para darle el control desde el gobierno a una parte de la comunidad a costa de los dem\u00e1s.<\/p>\n","protected":false},"excerpt":{"rendered":"<p>\u2022 Los detenidos en noviembre pasado son presos pol\u00edticos y no cometieron ning\u00fan delito, manifest\u00f3 la legisladora \u00a0 \u00a0 Morelia, Michoac\u00e1n; 08 de diciembre de 2018.-\u00a0Los tres integrantes del Concejo Ciudadano Ind\u00edgena de Nahuatzen (CCIN), detenidos en noviembre pasado son presos pol\u00edticos, por lo cual, deben ser liberados de inmediato y es por ello que [&hellip;]<\/p>\n","protected":false},"author":2,"featured_media":59491,"comment_status":"closed","ping_status":"closed","sticky":false,"template":"","format":"standard","meta":{"footnotes":""},"categories":[6],"tags":[],"class_list":["post-59490","post","type-post","status-publish","format-standard","has-post-thumbnail","hentry","category-congreso-del-estado"],"_links":{"self":[{"href":"https:\/\/radiowebmx.com\/nota\/wp-json\/wp\/v2\/posts\/59490","targetHints":{"allow":["GET"]}}],"collection":[{"href":"https:\/\/radiowebmx.com\/nota\/wp-json\/wp\/v2\/posts"}],"about":[{"href":"https:\/\/radiowebmx.com\/nota\/wp-json\/wp\/v2\/types\/post"}],"author":[{"embeddable":true,"href":"https:\/\/radiowebmx.com\/nota\/wp-json\/wp\/v2\/users\/2"}],"replies":[{"embeddable":true,"href":"https:\/\/radiowebmx.com\/nota\/wp-json\/wp\/v2\/comments?post=59490"}],"version-history":[{"count":1,"href":"https:\/\/radiowebmx.com\/nota\/wp-json\/wp\/v2\/posts\/59490\/revisions"}],"predecessor-version":[{"id":59492,"href":"https:\/\/radiowebmx.com\/nota\/wp-json\/wp\/v2\/posts\/59490\/revisions\/59492"}],"wp:featuredmedia":[{"embeddable":true,"href":"https:\/\/radiowebmx.com\/nota\/wp-json\/wp\/v2\/media\/59491"}],"wp:attachment":[{"href":"https:\/\/radiowebmx.com\/nota\/wp-json\/wp\/v2\/media?parent=59490"}],"wp:term":[{"taxonomy":"category","embeddable":true,"href":"https:\/\/radiowebmx.com\/nota\/wp-json\/wp\/v2\/categories?post=59490"},{"taxonomy":"post_tag","embeddable":true,"href":"https:\/\/radiowebmx.com\/nota\/wp-json\/wp\/v2\/tags?post=59490"}],"curies":[{"name":"wp","href":"https:\/\/api.w.org\/{rel}","templated":true}]}}