{"id":59484,"date":"2018-12-10T12:04:55","date_gmt":"2018-12-10T18:04:55","guid":{"rendered":"https:\/\/radiowebmx.com\/nota\/?p=59484"},"modified":"2018-12-10T12:04:55","modified_gmt":"2018-12-10T18:04:55","slug":"octavio-ocampo-en-gira-de-trabajo-por-benito-juarez-se-compromete-a-fortalecer-a-los-municipios","status":"publish","type":"post","link":"https:\/\/radiowebmx.com\/nota\/octavio-ocampo-en-gira-de-trabajo-por-benito-juarez-se-compromete-a-fortalecer-a-los-municipios\/","title":{"rendered":"Octavio Ocampo en gira de trabajo por Benito Ju\u00e1rez se compromete a fortalecer a los municipios"},"content":{"rendered":"<div>A cerrar filas para lograr el fortalecimiento de los municipios, lo cual es clave para la recomposici\u00f3n social, se comprometi\u00f3 el diputado integrante de la Comisi\u00f3n de Hacienda y Deuda P\u00fablica en la LXXIV Legislatura Local, Octavio Ocampo C\u00f3rdova durante una gira de trabajo por el municipio de Benito Ju\u00e1rez en donde se reuni\u00f3 con las autoridades municipales y asisti\u00f3 a la clausura del evento &#8220;Ciencia en Acci\u00f3n&#8221;, con el que se fortalecen los procesos de ense\u00f1anza y aprendizaje de ni\u00f1os y j\u00f3venes.<\/p>\n<p>Para construir una agenda com\u00fan en beneficio de los ciudadanos de su regi\u00f3n, el legislador sostuvo un encuentro con el presidente municipal de Benito Ju\u00e1rez, Cornelio R\u00edos Paniagua y con los integrantes del Cabildo, con quienes revis\u00f3 las proyecciones estimadas para el siguiente a\u00f1o en materia de obras y acciones, as\u00ed como las necesidades m\u00e1s apremiantes de la poblaci\u00f3n.<\/p>\n<p>En dicho encuentro coincidieron sobre qu\u00e9 el presupuesto deber\u00eda distribuirse en condiciones racionalidad y justicia entre federaci\u00f3n, estados y municipios, por lo que hicieron el compromiso de establecer una ruta conjunta para gestionar recursos en beneficio de la poblaci\u00f3n de este municipio.<\/p>\n<p>Octavio Ocampo pidi\u00f3 a las autoridades municipales priorizar las obras que m\u00e1s apremian a la gente, a fin de ir juntos por los recursos que se requieren ante la federaci\u00f3n y estado. \u201cVamos a tocar puertas, cuenten conmigo para defender a la gente y darle atenci\u00f3n a sus demandas\u201d.<\/p>\n<p>\u201cLa mejor manera de agradecerle a la gente que nos apoy\u00f3 en la contienda, es cumplirles con trabajo; mi tarea es legislar para que los derechos de todas y todos los michoacanos est\u00e9n protegidos y garantizados, pero tambi\u00e9n estar cerca de los ciudadanos de mi Distrito, visit\u00e1ndolos, escuch\u00e1ndolos y resolviendo, en donde la gesti\u00f3n es clave y en donde todas y todos en m\u00ed tienen un aliado\u201d.<\/p>\n<p>Asimismo en la gira de trabajo por el municipio de Benito Ju\u00e1rez, el legislador dio a conocer a las autoridades locales y a la poblaci\u00f3n sobre la apertura de dos casas de gesti\u00f3n, una en el municipio de Tuzantla que ya est\u00e1 operando y otra en Huetamo que en unos d\u00edas ser\u00e1 inaugurada.<\/p>\n<p>En ambos espacios, resalt\u00f3 se tendr\u00e1 el personal para atender las demandas de la poblaci\u00f3n de la regi\u00f3n toda la semana, mismos espacios en los que \u00e9l estar\u00e1 de viernes a domingo recibiendo de manera directa a la gente.<\/p>\n<p>El tambi\u00e9n presidente de la Comisi\u00f3n de R\u00e9gimen Interno y Pr\u00e1cticas Parlamentarios en el Congreso del Estado inform\u00f3 en su gira de trabajo que una de sus prioridades es combatir la marginaci\u00f3n desde la Ley y con la atenci\u00f3n directa a la poblaci\u00f3n, m\u00e1s partiendo que en su regi\u00f3n existe un n\u00famero importante de ciudadanos en condiciones de pobreza, que requieren de todo el respaldo de sus representantes populares.<\/p>\n<p>En ese contexto, dijo que durante la campa\u00f1a recibi\u00f3 varias propuestas de la gente, mismas que ha ido cristalizando y ha propuesto ante el Pleno de la LXXIV Legislatura Local, entre las que destac\u00f3 el derecho a la alimentaci\u00f3n, as\u00ed como reformas a la Ley Org\u00e1nica Municipal y un punto de acuerdo para que se baje el precio de la gasolina y el di\u00e9sel que tanto afecta a la econom\u00eda de todas las familias, entre otras propuestas.<\/p>\n<p>Durante la gira de trabajo, el diputado local tambi\u00e9n asisti\u00f3 a la clausura del evento Ciencia en Acci\u00f3n, organizado \u00a0por la Secretar\u00eda de Educaci\u00f3n en el que participaron alumnos de diversas instituciones educativas de los municipios de Benito Ju\u00e1rez, Susupuato y Tuzantla.<\/p>\n<p>En dicho evento, refiri\u00f3 que el fortalecimiento al sector educativo es otra de sus prioridades en su agenda legislativa y \u201ccomo integrante de la Comisi\u00f3n de Educaci\u00f3n los apoyar\u00e9; estoy convencido que apostarle a la educaci\u00f3n es garantizar un mejor presente para todas y todos, por lo que debemos impulsar a nuestros ni\u00f1os y j\u00f3venes para que contin\u00faen con su formaci\u00f3n y no abandonen las aulas&#8221;.<\/p><\/div>\n<div><\/div>\n","protected":false},"excerpt":{"rendered":"<p>A cerrar filas para lograr el fortalecimiento de los municipios, lo cual es clave para la recomposici\u00f3n social, se comprometi\u00f3 el diputado integrante de la Comisi\u00f3n de Hacienda y Deuda P\u00fablica en la LXXIV Legislatura Local, Octavio Ocampo C\u00f3rdova durante una gira de trabajo por el municipio de Benito Ju\u00e1rez en donde se reuni\u00f3 con [&hellip;]<\/p>\n","protected":false},"author":2,"featured_media":59485,"comment_status":"closed","ping_status":"closed","sticky":false,"template":"","format":"standard","meta":{"footnotes":""},"categories":[6],"tags":[],"class_list":["post-59484","post","type-post","status-publish","format-standard","has-post-thumbnail","hentry","category-congreso-del-estado"],"_links":{"self":[{"href":"https:\/\/radiowebmx.com\/nota\/wp-json\/wp\/v2\/posts\/59484","targetHints":{"allow":["GET"]}}],"collection":[{"href":"https:\/\/radiowebmx.com\/nota\/wp-json\/wp\/v2\/posts"}],"about":[{"href":"https:\/\/radiowebmx.com\/nota\/wp-json\/wp\/v2\/types\/post"}],"author":[{"embeddable":true,"href":"https:\/\/radiowebmx.com\/nota\/wp-json\/wp\/v2\/users\/2"}],"replies":[{"embeddable":true,"href":"https:\/\/radiowebmx.com\/nota\/wp-json\/wp\/v2\/comments?post=59484"}],"version-history":[{"count":1,"href":"https:\/\/radiowebmx.com\/nota\/wp-json\/wp\/v2\/posts\/59484\/revisions"}],"predecessor-version":[{"id":59486,"href":"https:\/\/radiowebmx.com\/nota\/wp-json\/wp\/v2\/posts\/59484\/revisions\/59486"}],"wp:featuredmedia":[{"embeddable":true,"href":"https:\/\/radiowebmx.com\/nota\/wp-json\/wp\/v2\/media\/59485"}],"wp:attachment":[{"href":"https:\/\/radiowebmx.com\/nota\/wp-json\/wp\/v2\/media?parent=59484"}],"wp:term":[{"taxonomy":"category","embeddable":true,"href":"https:\/\/radiowebmx.com\/nota\/wp-json\/wp\/v2\/categories?post=59484"},{"taxonomy":"post_tag","embeddable":true,"href":"https:\/\/radiowebmx.com\/nota\/wp-json\/wp\/v2\/tags?post=59484"}],"curies":[{"name":"wp","href":"https:\/\/api.w.org\/{rel}","templated":true}]}}