{"id":59475,"date":"2018-12-10T11:56:02","date_gmt":"2018-12-10T17:56:02","guid":{"rendered":"https:\/\/radiowebmx.com\/nota\/?p=59475"},"modified":"2018-12-10T11:56:02","modified_gmt":"2018-12-10T17:56:02","slug":"con-nuevas-reformas-daremos-mayor-funcionalidad-al-sistema-estatal-anticorrupcion-ernesto-nunez","status":"publish","type":"post","link":"https:\/\/radiowebmx.com\/nota\/con-nuevas-reformas-daremos-mayor-funcionalidad-al-sistema-estatal-anticorrupcion-ernesto-nunez\/","title":{"rendered":"Con nuevas reformas daremos mayor funcionalidad al Sistema Estatal Anticorrupci\u00f3n: Ernesto N\u00fa\u00f1ez"},"content":{"rendered":"<ul type=\"disc\">\n<li class=\"x_MsoNormal\"><strong><i>El coordinador del GPPVEM particip\u00f3 en la Primera Jornada Nacional Anticorrupci\u00f3n realizada en Morelia<\/i><\/strong><\/li>\n<\/ul>\n<p class=\"x_MsoNormal\"><strong><i>\u00a0<\/i><\/strong><\/p>\n<p class=\"x_MsoNormal\"><b>Morelia; Michoac\u00e1n, 07 de diciembre de 2018.-<\/b>\u00a0Para dar mayor funcionalidad al Sistema Estatal Anticorrupci\u00f3n (SEA) es necesario que como legisladores realicemos los ajustes jur\u00eddicos necesarios a fin de dotar de las herramientas a los entes que conforman este esquema legal, indic\u00f3 el coordinador de la fracci\u00f3n parlamentaria del Partido Verde Ecologista de M\u00e9xico (PVEM) en el Congreso local, Ernesto N\u00fa\u00f1ez Aguilar, durante su participaci\u00f3n en la Primera Jornada Nacional Anticorrupci\u00f3n.<\/p>\n<p class=\"x_MsoNormal\">Al recordar que como integrante de la pasada Legislatura fue copart\u00edcipe en la creaci\u00f3n del sistema anticorrupci\u00f3n de la entidad, enlist\u00f3 las reformas y modificaciones que, conforme a los an\u00e1lisis, tienen que ser puestos sobre la mesa legislativa para mejoramiento del SEA.<\/p>\n<p class=\"x_MsoNormal\">\u201cSe debe clarificar el procedimiento y los sujetos activos para la emisi\u00f3n de recomendaciones, con ello hacer responsable al Comit\u00e9 Coordinador de atender las solicitudes del Comit\u00e9 de Participaci\u00f3n Ciudadana, ya que en este a\u00f1o diversas comunicaciones no han sido atendidas\u201d, expres\u00f3, al argumentar del porqu\u00e9 se requiere adicionar a un representante del CPC.<\/p>\n<p class=\"x_MsoNormal\">N\u00fa\u00f1ez Aguilar enfatiz\u00f3 en su b\u00fasqueda por equilibrar las atribuciones de todos los miembros del sistema anticorrupci\u00f3n, para lo cual, se debe dotar de m\u00e1s atribuciones al Comit\u00e9 de Participaci\u00f3n Ciudadana, con la finalidad de delimitar aquellas responsabilidades no previstas actualmente.<\/p>\n<p class=\"x_MsoNormal\">\u201cEs necesario legislar respecto a las facultades del presidente del Comit\u00e9, quien tiene como atribuci\u00f3n expresa someter a consideraci\u00f3n la remoci\u00f3n del secretario t\u00e9cnico. Durante este a\u00f1o no se ha concretado, por no tener clarificado el procedimiento ni la responsabilidad de acudir a las sesiones convocadas por el \u00f3rgano de gobierno del SEA\u201d, agreg\u00f3.<\/p>\n<p class=\"x_MsoNormal\">El l\u00edder parlamentario consider\u00f3 oportuno otorgar autonom\u00eda total a la Secretar\u00eda Ejecutiva, a fin de darle libertad operativa y presupuestaria, toda vez que, ello, ha sido una problem\u00e1tica transcurrido un a\u00f1o de ponerse en marcha el Sistema Estatal Anticorrupci\u00f3n.<\/p>\n<p class=\"x_MsoNormal\">Entre otras cosas, mencion\u00f3 definir un periodo de tres a\u00f1os en el cargo para el titular del \u00f3rgano de control interno, mismo que ser\u00eda designado por el Comit\u00e9 de Participaci\u00f3n Ciudadana. Aunado a derogar la limitante de edad en la designaci\u00f3n del secretario t\u00e9cnico, en conformidad a la determinaci\u00f3n de inconstitucionalidad de la Suprema Corte de Justicia de la Naci\u00f3n.<\/p>\n<p class=\"x_MsoNormal\">Finalmente, Ernesto N\u00fa\u00f1ez indic\u00f3 en lo que va de esta Legislatura ha presentado dos iniciativas en materia anticorrupci\u00f3n y una m\u00e1s de car\u00e1cter constitucional al art\u00edculo 119.<\/p>\n","protected":false},"excerpt":{"rendered":"<p>El coordinador del GPPVEM particip\u00f3 en la Primera Jornada Nacional Anticorrupci\u00f3n realizada en Morelia \u00a0 Morelia; Michoac\u00e1n, 07 de diciembre de 2018.-\u00a0Para dar mayor funcionalidad al Sistema Estatal Anticorrupci\u00f3n (SEA) es necesario que como legisladores realicemos los ajustes jur\u00eddicos necesarios a fin de dotar de las herramientas a los entes que conforman este esquema legal, [&hellip;]<\/p>\n","protected":false},"author":2,"featured_media":59476,"comment_status":"closed","ping_status":"closed","sticky":false,"template":"","format":"standard","meta":{"footnotes":""},"categories":[6],"tags":[],"class_list":["post-59475","post","type-post","status-publish","format-standard","has-post-thumbnail","hentry","category-congreso-del-estado"],"_links":{"self":[{"href":"https:\/\/radiowebmx.com\/nota\/wp-json\/wp\/v2\/posts\/59475","targetHints":{"allow":["GET"]}}],"collection":[{"href":"https:\/\/radiowebmx.com\/nota\/wp-json\/wp\/v2\/posts"}],"about":[{"href":"https:\/\/radiowebmx.com\/nota\/wp-json\/wp\/v2\/types\/post"}],"author":[{"embeddable":true,"href":"https:\/\/radiowebmx.com\/nota\/wp-json\/wp\/v2\/users\/2"}],"replies":[{"embeddable":true,"href":"https:\/\/radiowebmx.com\/nota\/wp-json\/wp\/v2\/comments?post=59475"}],"version-history":[{"count":1,"href":"https:\/\/radiowebmx.com\/nota\/wp-json\/wp\/v2\/posts\/59475\/revisions"}],"predecessor-version":[{"id":59477,"href":"https:\/\/radiowebmx.com\/nota\/wp-json\/wp\/v2\/posts\/59475\/revisions\/59477"}],"wp:featuredmedia":[{"embeddable":true,"href":"https:\/\/radiowebmx.com\/nota\/wp-json\/wp\/v2\/media\/59476"}],"wp:attachment":[{"href":"https:\/\/radiowebmx.com\/nota\/wp-json\/wp\/v2\/media?parent=59475"}],"wp:term":[{"taxonomy":"category","embeddable":true,"href":"https:\/\/radiowebmx.com\/nota\/wp-json\/wp\/v2\/categories?post=59475"},{"taxonomy":"post_tag","embeddable":true,"href":"https:\/\/radiowebmx.com\/nota\/wp-json\/wp\/v2\/tags?post=59475"}],"curies":[{"name":"wp","href":"https:\/\/api.w.org\/{rel}","templated":true}]}}