{"id":59463,"date":"2018-12-10T11:47:17","date_gmt":"2018-12-10T17:47:17","guid":{"rendered":"https:\/\/radiowebmx.com\/nota\/?p=59463"},"modified":"2018-12-10T11:47:17","modified_gmt":"2018-12-10T17:47:17","slug":"servicios-parlamentarios-capacita-a-secretarios-tecnicos-del-congreso-del-estado","status":"publish","type":"post","link":"https:\/\/radiowebmx.com\/nota\/servicios-parlamentarios-capacita-a-secretarios-tecnicos-del-congreso-del-estado\/","title":{"rendered":"Servicios Parlamentarios capacita a Secretarios T\u00e9cnicos del Congreso del Estado"},"content":{"rendered":"<ul type=\"disc\">\n<li class=\"x_MsoNormal\"><i>Capacitaci\u00f3n contante ser\u00e1 una prioridad: Beatriz Barrientos<\/i><\/li>\n<\/ul>\n<p class=\"x_MsoNormal\"><strong><i>\u00a0<\/i><\/strong><\/p>\n<p class=\"x_MsoNormal\"><b>Morelia; Michoac\u00e1n, 07 de diciembre de 2018.-<\/b>\u00a0La Secretar\u00eda de Servicios Parlamentarios a cargo de la Maestra Beatriz Barrientos Garc\u00eda, sostuvo un primer encuentro de vinculaci\u00f3n y fortalecimiento con el cuerpo de\u00a0 35 Secretarios T\u00e9cnicos de las distintas Comisiones y Comit\u00e9s constituidos al interior\u00a0 del Congreso del Estado.<\/p>\n<p class=\"x_MsoNormal\">Con la finalidad de establecer un trabajo institucional basado en la capacitaci\u00f3n constante y el trabajo de equipo, la titular de la Secretar\u00eda Parlamentaria dio a conocer las disposiciones generales de trabajo de la misma, as\u00ed como el plan de trabajo de la misma.<\/p>\n<p class=\"x_MsoNormal\">El Congreso del Estado cuenta con 35 Secretarios T\u00e9cnicos, los cuales registran y minutan las sesiones de cada Comisi\u00f3n o Comit\u00e9 en su caso, a la par tienen la obligaci\u00f3n de conocer a detalle las propuestas turnadas a cada una de estas. En total existen 28 distintas Comisiones, con un Secretario T\u00e9cnico a su cargo cada una, as\u00ed tambi\u00e9n 5 Comit\u00e9s y 2 Comisiones Especiales.<\/p>\n<p class=\"x_MsoNormal\">Barrientos Garc\u00eda destac\u00f3 que, la capacitaci\u00f3n es fundamental para poder ejercer un trabajo de calidad, en este caso, la vinculaci\u00f3n, capacitaci\u00f3n y di\u00e1logo permanente, ser\u00e1 una constante en la Secretar\u00eda de Servicios Parlamentarios.<\/p>\n","protected":false},"excerpt":{"rendered":"<p>Capacitaci\u00f3n contante ser\u00e1 una prioridad: Beatriz Barrientos \u00a0 Morelia; Michoac\u00e1n, 07 de diciembre de 2018.-\u00a0La Secretar\u00eda de Servicios Parlamentarios a cargo de la Maestra Beatriz Barrientos Garc\u00eda, sostuvo un primer encuentro de vinculaci\u00f3n y fortalecimiento con el cuerpo de\u00a0 35 Secretarios T\u00e9cnicos de las distintas Comisiones y Comit\u00e9s constituidos al interior\u00a0 del Congreso del Estado. [&hellip;]<\/p>\n","protected":false},"author":2,"featured_media":59464,"comment_status":"closed","ping_status":"closed","sticky":false,"template":"","format":"standard","meta":{"footnotes":""},"categories":[6],"tags":[],"class_list":["post-59463","post","type-post","status-publish","format-standard","has-post-thumbnail","hentry","category-congreso-del-estado"],"_links":{"self":[{"href":"https:\/\/radiowebmx.com\/nota\/wp-json\/wp\/v2\/posts\/59463","targetHints":{"allow":["GET"]}}],"collection":[{"href":"https:\/\/radiowebmx.com\/nota\/wp-json\/wp\/v2\/posts"}],"about":[{"href":"https:\/\/radiowebmx.com\/nota\/wp-json\/wp\/v2\/types\/post"}],"author":[{"embeddable":true,"href":"https:\/\/radiowebmx.com\/nota\/wp-json\/wp\/v2\/users\/2"}],"replies":[{"embeddable":true,"href":"https:\/\/radiowebmx.com\/nota\/wp-json\/wp\/v2\/comments?post=59463"}],"version-history":[{"count":1,"href":"https:\/\/radiowebmx.com\/nota\/wp-json\/wp\/v2\/posts\/59463\/revisions"}],"predecessor-version":[{"id":59465,"href":"https:\/\/radiowebmx.com\/nota\/wp-json\/wp\/v2\/posts\/59463\/revisions\/59465"}],"wp:featuredmedia":[{"embeddable":true,"href":"https:\/\/radiowebmx.com\/nota\/wp-json\/wp\/v2\/media\/59464"}],"wp:attachment":[{"href":"https:\/\/radiowebmx.com\/nota\/wp-json\/wp\/v2\/media?parent=59463"}],"wp:term":[{"taxonomy":"category","embeddable":true,"href":"https:\/\/radiowebmx.com\/nota\/wp-json\/wp\/v2\/categories?post=59463"},{"taxonomy":"post_tag","embeddable":true,"href":"https:\/\/radiowebmx.com\/nota\/wp-json\/wp\/v2\/tags?post=59463"}],"curies":[{"name":"wp","href":"https:\/\/api.w.org\/{rel}","templated":true}]}}