{"id":59432,"date":"2018-12-07T12:44:56","date_gmt":"2018-12-07T18:44:56","guid":{"rendered":"https:\/\/radiowebmx.com\/nota\/?p=59432"},"modified":"2018-12-07T12:44:56","modified_gmt":"2018-12-07T18:44:56","slug":"tiene-sector-rural-todo-mi-apoyo-y-respaldo-salvador-arvizu","status":"publish","type":"post","link":"https:\/\/radiowebmx.com\/nota\/tiene-sector-rural-todo-mi-apoyo-y-respaldo-salvador-arvizu\/","title":{"rendered":"Tiene sector rural todo mi apoyo y respaldo: Salvador Arv\u00edzu"},"content":{"rendered":"<p class=\"x_gmail-msonospacing\">\u00b7\u00a0\u00a0\u00a0\u00a0\u00a0\u00a0\u00a0\u00a0\u00a0<i>Desde el Congreso apoyar\u00e9 a los productores del Estado, destaca el diputado local<\/i><\/p>\n<p class=\"x_MsoNormal\"><b>Morelia; Michoac\u00e1n, 06 de diciembre de 2018.-<\/b>\u00a0El diputado local del Distrito 16, Salvador Arv\u00edzu Cisneros, refrend\u00f3 su constante apoyo al sector rural del estado y de Morelia.<\/p>\n<p class=\"x_MsoNormal\">Lo anterior, al acudir a la inauguraci\u00f3n de la Expo Rural Morelia 2018, en donde invit\u00f3 a los presentes a continuar trabajando por el desarrollo del campo michoacano.<\/p>\n<p class=\"x_MsoNormal\">En el acto inaugural estuvieron presentes el presidente municipal de Morelia, Ra\u00fal Mor\u00f3n Orozco, la regidora Rosalva Vanegas Cardu\u00f1o, autoridades municipales, as\u00ed como productores del campo y el ganado.<\/p>\n<p class=\"x_MsoNormal\">El legislador petista conmin\u00f3 al edil municipal a laborar y no olvidar a los cientos de productores del campo moreliano.<\/p>\n<p class=\"x_MsoNormal\">&#8220;Decirles que en m\u00ed tienen a un aliado, desde la Comisi\u00f3n de Desarrollo Rural trabajar\u00e9 por un presupuesto digno para el campo michoacano&#8221;, acot\u00f3 el parlamentario.<\/p>\n<p class=\"x_MsoNormal\">Asimismo, Arv\u00edzu Cisneros les pidi\u00f3 a los productores y autoridades el vigilar la aplicaci\u00f3n correcta del recurso que se designa al campo, pues en ocasiones anteriores no se ha utilizado de manera correcta.<\/p>\n<p class=\"x_MsoNormal\">&#8220;El campo es vida. Tengan por seguro que trabajar\u00e9 por ustedes y desde mi trinchera les apoyar\u00e9 en lo que me pidan&#8221;, finaliz\u00f3 el diputado.<\/p>\n","protected":false},"excerpt":{"rendered":"<p>\u00b7\u00a0\u00a0\u00a0\u00a0\u00a0\u00a0\u00a0\u00a0\u00a0Desde el Congreso apoyar\u00e9 a los productores del Estado, destaca el diputado local Morelia; Michoac\u00e1n, 06 de diciembre de 2018.-\u00a0El diputado local del Distrito 16, Salvador Arv\u00edzu Cisneros, refrend\u00f3 su constante apoyo al sector rural del estado y de Morelia. Lo anterior, al acudir a la inauguraci\u00f3n de la Expo Rural Morelia 2018, en donde [&hellip;]<\/p>\n","protected":false},"author":2,"featured_media":59433,"comment_status":"closed","ping_status":"closed","sticky":false,"template":"","format":"standard","meta":{"footnotes":""},"categories":[6],"tags":[],"class_list":["post-59432","post","type-post","status-publish","format-standard","has-post-thumbnail","hentry","category-congreso-del-estado"],"_links":{"self":[{"href":"https:\/\/radiowebmx.com\/nota\/wp-json\/wp\/v2\/posts\/59432","targetHints":{"allow":["GET"]}}],"collection":[{"href":"https:\/\/radiowebmx.com\/nota\/wp-json\/wp\/v2\/posts"}],"about":[{"href":"https:\/\/radiowebmx.com\/nota\/wp-json\/wp\/v2\/types\/post"}],"author":[{"embeddable":true,"href":"https:\/\/radiowebmx.com\/nota\/wp-json\/wp\/v2\/users\/2"}],"replies":[{"embeddable":true,"href":"https:\/\/radiowebmx.com\/nota\/wp-json\/wp\/v2\/comments?post=59432"}],"version-history":[{"count":1,"href":"https:\/\/radiowebmx.com\/nota\/wp-json\/wp\/v2\/posts\/59432\/revisions"}],"predecessor-version":[{"id":59434,"href":"https:\/\/radiowebmx.com\/nota\/wp-json\/wp\/v2\/posts\/59432\/revisions\/59434"}],"wp:featuredmedia":[{"embeddable":true,"href":"https:\/\/radiowebmx.com\/nota\/wp-json\/wp\/v2\/media\/59433"}],"wp:attachment":[{"href":"https:\/\/radiowebmx.com\/nota\/wp-json\/wp\/v2\/media?parent=59432"}],"wp:term":[{"taxonomy":"category","embeddable":true,"href":"https:\/\/radiowebmx.com\/nota\/wp-json\/wp\/v2\/categories?post=59432"},{"taxonomy":"post_tag","embeddable":true,"href":"https:\/\/radiowebmx.com\/nota\/wp-json\/wp\/v2\/tags?post=59432"}],"curies":[{"name":"wp","href":"https:\/\/api.w.org\/{rel}","templated":true}]}}