{"id":59429,"date":"2018-12-07T12:42:25","date_gmt":"2018-12-07T18:42:25","guid":{"rendered":"https:\/\/radiowebmx.com\/nota\/?p=59429"},"modified":"2018-12-07T12:42:25","modified_gmt":"2018-12-07T18:42:25","slug":"no-mas-cortinas-de-humo-en-michoacan-senadores-blanca-pina-y-casimiro-mendez-2","status":"publish","type":"post","link":"https:\/\/radiowebmx.com\/nota\/no-mas-cortinas-de-humo-en-michoacan-senadores-blanca-pina-y-casimiro-mendez-2\/","title":{"rendered":"NO M\u00c1S CORTINAS DE HUMO EN MICHOAC\u00c1N: SENADORES BLANCA PI\u00d1A Y CASIMIRO M\u00c9NDEZ"},"content":{"rendered":"<p class=\"x_m_-8888685125809641199gmail-MsoNormalCxSpMiddle\">Amenazar con una huelga de hambre s\u00f3lo expone el grado de desesperaci\u00f3n del gobernador Silvano Aureoles, no para resolver la problem\u00e1tica del sector educativo michoacano, sino para crear una cortina de humo que sirva de distractor ante las serias dificultades que vive la entidad, asever\u00f3 la senadora de la Rep\u00fablica, Blanca Pi\u00f1a Gudi\u00f1o.<\/p>\n<p class=\"x_m_-8888685125809641199gmail-MsoNormalCxSpMiddle\">\n<p class=\"x_m_-8888685125809641199gmail-MsoNormalCxSpMiddle\">La reciente posici\u00f3n del mandatario obliga a cuestionar los motivos reales de su actuar, debido a que los trabajadores de la educaci\u00f3n, del sector salud y de seguridad, entre otros, son testigos de\u00a0la improvisaci\u00f3n que Silvano Aureoles ha realizado con m\u00e1s de 48 cambios en su gabinete legal y ampliado.<\/p>\n<p class=\"x_m_-8888685125809641199gmail-MsoNormalCxSpMiddle\">\n<p class=\"x_m_-8888685125809641199gmail-MsoNormalCxSpMiddle\">La senadora Blanca Pi\u00f1a consider\u00f3 que para el gobierno de Andr\u00e9s Manuel L\u00f3pez Obrador la posici\u00f3n de regresar los servicios de salud y educaci\u00f3n puede ser realidad, sin embargo, es un proceso que conlleva tiempo y no puede realizarse de forma inmediata por capricho de un gobernador.<\/p>\n<p class=\"x_m_-8888685125809641199gmail-MsoNormalCxSpMiddle\">\n<p class=\"x_m_-8888685125809641199gmail-MsoNormalCxSpMiddle\">Como se dijo en rueda de prensa por la ma\u00f1ana, la Ciudad de M\u00e9xico no ha tenido tantos problemas como los que presentan otras entidades donde administran presupuesto educativo. El federalizar los servicios educativos significa dejar de transferir recursos al resto de los estados, para evitar, entre otros aspectos, \u201cque el dinero se use para otras cosas\u201d.<\/p>\n<p class=\"x_m_-8888685125809641199gmail-MsoNormalCxSpMiddle\">\n<p class=\"x_m_-8888685125809641199gmail-MsoNormalCxSpMiddle\">El senador Casimiro M\u00e9ndez record\u00f3 que en Michoac\u00e1n los trabajadores del gobierno estatal han elevado la voz y demandan p\u00fablicamente el acoso y el hostigamiento laboral que viven -no hoy-, sino desde hace tres a\u00f1os.<\/p>\n<p class=\"x_m_-8888685125809641199gmail-MsoNormalCxSpMiddle\">\n<p class=\"x_m_-8888685125809641199gmail-MsoNormalCxSpMiddle\">Las imposiciones, los actos que se presumen dudosos en el manejo de las finanzas p\u00fablicas estatales, su ofensivo gasto personal y de su equipo de trabajo, lo han puesto bajo el escrutinio en el escenario nacional; es entonces que este d\u00e9bil intento de cambiar o distraer la atenci\u00f3n p\u00fablica es menos que lamentable.<\/p>\n<p class=\"x_m_-8888685125809641199gmail-MsoNormalCxSpMiddle\">\n<p class=\"x_m_-8888685125809641199gmail-MsoNormalCxSpMiddle\">Aureoles Conejo, enfatiz\u00f3 la senadora, ha dado a conocer su incapacidad para gestionar o siquiera iniciar un di\u00e1logo con el presidente, Andr\u00e9s Manuel L\u00f3pez Obrador. Un gobierno no es un asunto menor y tanto la ciudadan\u00eda como los representantes populares estamos obligados a revisar a fondo la gesti\u00f3n de tres a\u00f1os que lleva el gobernador michoacano.<\/p>\n<p class=\"x_m_-8888685125809641199gmail-MsoNormalCxSpMiddle\">\n<p class=\"x_m_-8888685125809641199gmail-MsoNormalCxSpMiddle\">Por \u00faltimo, la senadora Blanca Pi\u00f1a y el senador Casimiro M\u00e9ndez consideraron que, si bien es cierto que hay dudas, esperan que el mandatario recapacite y no deje en estado de indefensi\u00f3n a los michoacanos, porque en caso de ir a huelga de hambre no estar\u00e1 en capacidad de realizar sus funciones en plenitud de facultades, como debe ser.<\/p>\n","protected":false},"excerpt":{"rendered":"<p>Amenazar con una huelga de hambre s\u00f3lo expone el grado de desesperaci\u00f3n del gobernador Silvano Aureoles, no para resolver la problem\u00e1tica del sector educativo michoacano, sino para crear una cortina de humo que sirva de distractor ante las serias dificultades que vive la entidad, asever\u00f3 la senadora de la Rep\u00fablica, Blanca Pi\u00f1a Gudi\u00f1o. La reciente [&hellip;]<\/p>\n","protected":false},"author":2,"featured_media":59430,"comment_status":"closed","ping_status":"closed","sticky":false,"template":"","format":"standard","meta":{"footnotes":""},"categories":[6],"tags":[],"class_list":["post-59429","post","type-post","status-publish","format-standard","has-post-thumbnail","hentry","category-congreso-del-estado"],"_links":{"self":[{"href":"https:\/\/radiowebmx.com\/nota\/wp-json\/wp\/v2\/posts\/59429","targetHints":{"allow":["GET"]}}],"collection":[{"href":"https:\/\/radiowebmx.com\/nota\/wp-json\/wp\/v2\/posts"}],"about":[{"href":"https:\/\/radiowebmx.com\/nota\/wp-json\/wp\/v2\/types\/post"}],"author":[{"embeddable":true,"href":"https:\/\/radiowebmx.com\/nota\/wp-json\/wp\/v2\/users\/2"}],"replies":[{"embeddable":true,"href":"https:\/\/radiowebmx.com\/nota\/wp-json\/wp\/v2\/comments?post=59429"}],"version-history":[{"count":1,"href":"https:\/\/radiowebmx.com\/nota\/wp-json\/wp\/v2\/posts\/59429\/revisions"}],"predecessor-version":[{"id":59431,"href":"https:\/\/radiowebmx.com\/nota\/wp-json\/wp\/v2\/posts\/59429\/revisions\/59431"}],"wp:featuredmedia":[{"embeddable":true,"href":"https:\/\/radiowebmx.com\/nota\/wp-json\/wp\/v2\/media\/59430"}],"wp:attachment":[{"href":"https:\/\/radiowebmx.com\/nota\/wp-json\/wp\/v2\/media?parent=59429"}],"wp:term":[{"taxonomy":"category","embeddable":true,"href":"https:\/\/radiowebmx.com\/nota\/wp-json\/wp\/v2\/categories?post=59429"},{"taxonomy":"post_tag","embeddable":true,"href":"https:\/\/radiowebmx.com\/nota\/wp-json\/wp\/v2\/tags?post=59429"}],"curies":[{"name":"wp","href":"https:\/\/api.w.org\/{rel}","templated":true}]}}