{"id":59416,"date":"2018-12-06T14:36:17","date_gmt":"2018-12-06T20:36:17","guid":{"rendered":"https:\/\/radiowebmx.com\/nota\/?p=59416"},"modified":"2018-12-06T14:36:17","modified_gmt":"2018-12-06T20:36:17","slug":"contra-la-corrupcion-y-la-participacion-de-millones-de-mexicanos-la-cuarta-transformacion-ya-inicio-aseguro-la-diputada-laura-granados","status":"publish","type":"post","link":"https:\/\/radiowebmx.com\/nota\/contra-la-corrupcion-y-la-participacion-de-millones-de-mexicanos-la-cuarta-transformacion-ya-inicio-aseguro-la-diputada-laura-granados\/","title":{"rendered":"Contra la corrupci\u00f3n y la participaci\u00f3n de millones de mexicanos, la cuarta transformaci\u00f3n ya inici\u00f3, asegur\u00f3 la diputada Laura Granados"},"content":{"rendered":"<p>Morelia, Michoac\u00e1n, M\u00e9xico, 5 de diciembre de 2018.- La cuarta transformaci\u00f3n del pueblo de M\u00e9xico ya inici\u00f3 y lo que es mejor, las mexicanas y mexicanos son parte de la misma pues no es tarea de un solo hombre, afirm\u00f3 la diputada Laura Granados Beltr\u00e1n, al presentar un posicionamiento sobre el inicio del gobierno del presidente Andr\u00e9s Manuel L\u00f3pez Obrador en el que reconoci\u00f3 que la corrupci\u00f3n, es el flagelo que desde las m\u00e1s altas esferas del poder, hasta las m\u00e1s peque\u00f1as \u201c\u2026 ha minado la econom\u00eda nacional y se ha agudizado en los \u00faltimos 18 a\u00f1os por lo que hoy sufrimos las consecuencias\u201d.<\/p>\n<p>La cuarta transformaci\u00f3n antepone el inter\u00e9s com\u00fan en la construcci\u00f3n de un mejor M\u00e9xico. Y m\u00e1s all\u00e1 de intereses personales o doctrinas e ideolog\u00edas pol\u00edticas \u201c\u2026 todos tenemos que dar lo mejor de cada uno en esta oportunidad de trascender en la historia o ser simplemente parte del olvido\u201d, explic\u00f3.<\/p>\n<p>Granados Beltr\u00e1n sostuvo que la vida democr\u00e1tica del pa\u00eds est\u00e1 en transformaci\u00f3n \u201c\u2026 y no podemos ser omisos ante tal situaci\u00f3n\u201d. Un claro ejemplo fue la elecci\u00f3n presidencial en la que el licenciado Andr\u00e9s Manuel L\u00f3pez Obrador se convirti\u00f3 en el presidente m\u00e1s votado de la historia de nuestro pa\u00eds, al obtener m\u00e1s de treinta millones de votos \u201c\u2026 reflejo del hartazgo ciudadano ante el embate que principalmente ha saqueado a la naci\u00f3n y empobrecido al pueblo de M\u00e9xico: la corrupci\u00f3n\u201d.<\/p>\n<p>El llamado del presidente de la rep\u00fablica es claro: \u00a1el combate a la corrupci\u00f3n debe ser contundente! Esta advertencia, acept\u00f3 la legisladora por Maravat\u00edo, \u201c\u2026 ya caus\u00f3 a muchos representantes populares su preocupaci\u00f3n ante la opacidad y problemas de liquidez, ante el gasto desmedido y el despilfarro de los recursos p\u00fablicos y por supuesto hoy se resisten al cambio ante las viejas pr\u00e1cticas del moche y el desv\u00edo de programas, as\u00ed como de su recurso econ\u00f3mico correspondiente\u201d. Y hoy simplemente vociferan que no est\u00e1n de acuerdo. \u00bfSer\u00e1 porque se acabaron los privilegios y no entienden que el pueblo ya no acepta m\u00e1s esas pol\u00edticas neoliberales que tanto da\u00f1o han hecho a nuestro pa\u00eds?, pregunt\u00f3 la diputada de MORENA.<\/p>\n<p>En este marco, acept\u00f3 que la poblaci\u00f3n se beneficiar\u00e1 con las propuestas de programas anunciados por el ejecutivo federal. Y es que ahora, s\u00ed se va a trabajar en salud, educaci\u00f3n, en la producci\u00f3n de nuestro campo, en justicia social. \u201cYa no habr\u00e1 simulaciones como las habidas hasta hoy, por aquellos que ayer fueron pactistas, entregando a la naci\u00f3n y que hoy claman que siga un modelo que a todas luces fracas\u00f3\u201d, dijo.<\/p>\n<p>Esos mismos opositores creen tener la calidad moral para resistirse al cambio que eligieron millones de mexicanos y entre ellos la mayor\u00eda de michoacanas y michoacanos, \u201c\u2026 los cuales representamos dignamente al ser su voz y su voto y ser fiscalizadores de las acciones de gobierno, siempre a su favor y beneficio\u201d.<\/p>\n<p>\u201cSin duda este uno de diciembre de 2018, con la participaci\u00f3n de 57 millones de mexicanos, marcar\u00e1 un antes y un despu\u00e9s en nuestra rep\u00fablica mexicana\u201d, sostuvo convencida.<\/p>\n","protected":false},"excerpt":{"rendered":"<p>Morelia, Michoac\u00e1n, M\u00e9xico, 5 de diciembre de 2018.- La cuarta transformaci\u00f3n del pueblo de M\u00e9xico ya inici\u00f3 y lo que es mejor, las mexicanas y mexicanos son parte de la misma pues no es tarea de un solo hombre, afirm\u00f3 la diputada Laura Granados Beltr\u00e1n, al presentar un posicionamiento sobre el inicio del gobierno del [&hellip;]<\/p>\n","protected":false},"author":2,"featured_media":59417,"comment_status":"closed","ping_status":"closed","sticky":false,"template":"","format":"standard","meta":{"footnotes":""},"categories":[6],"tags":[],"class_list":["post-59416","post","type-post","status-publish","format-standard","has-post-thumbnail","hentry","category-congreso-del-estado"],"_links":{"self":[{"href":"https:\/\/radiowebmx.com\/nota\/wp-json\/wp\/v2\/posts\/59416","targetHints":{"allow":["GET"]}}],"collection":[{"href":"https:\/\/radiowebmx.com\/nota\/wp-json\/wp\/v2\/posts"}],"about":[{"href":"https:\/\/radiowebmx.com\/nota\/wp-json\/wp\/v2\/types\/post"}],"author":[{"embeddable":true,"href":"https:\/\/radiowebmx.com\/nota\/wp-json\/wp\/v2\/users\/2"}],"replies":[{"embeddable":true,"href":"https:\/\/radiowebmx.com\/nota\/wp-json\/wp\/v2\/comments?post=59416"}],"version-history":[{"count":1,"href":"https:\/\/radiowebmx.com\/nota\/wp-json\/wp\/v2\/posts\/59416\/revisions"}],"predecessor-version":[{"id":59418,"href":"https:\/\/radiowebmx.com\/nota\/wp-json\/wp\/v2\/posts\/59416\/revisions\/59418"}],"wp:featuredmedia":[{"embeddable":true,"href":"https:\/\/radiowebmx.com\/nota\/wp-json\/wp\/v2\/media\/59417"}],"wp:attachment":[{"href":"https:\/\/radiowebmx.com\/nota\/wp-json\/wp\/v2\/media?parent=59416"}],"wp:term":[{"taxonomy":"category","embeddable":true,"href":"https:\/\/radiowebmx.com\/nota\/wp-json\/wp\/v2\/categories?post=59416"},{"taxonomy":"post_tag","embeddable":true,"href":"https:\/\/radiowebmx.com\/nota\/wp-json\/wp\/v2\/tags?post=59416"}],"curies":[{"name":"wp","href":"https:\/\/api.w.org\/{rel}","templated":true}]}}