{"id":59413,"date":"2018-12-06T14:32:03","date_gmt":"2018-12-06T20:32:03","guid":{"rendered":"https:\/\/radiowebmx.com\/nota\/?p=59413"},"modified":"2018-12-06T14:32:03","modified_gmt":"2018-12-06T20:32:03","slug":"acertada-decision-de-que-superdelegados-no-intervengan-en-seguridad-azael-toledo","status":"publish","type":"post","link":"https:\/\/radiowebmx.com\/nota\/acertada-decision-de-que-superdelegados-no-intervengan-en-seguridad-azael-toledo\/","title":{"rendered":"Acertada decisi\u00f3n de que superdelegados no intervengan en seguridad: Azael Toledo"},"content":{"rendered":"<p>A nombre del Grupo Parlamentario del PRD de la LXXIV Legislatura Local, al hacer uso de la voz desde su curul en sesi\u00f3n, el diputado Alfredo Azael Toledo Rangel celebr\u00f3 el restablecimiento del orden constitucional por parte del Ejecutivo Federal, al dar marcha atr\u00e1s a la imposici\u00f3n de que los superdelegados atendieran la seguridad p\u00fablica en las entidades.<\/p>\n<p>En el marco de la sesi\u00f3n, resalt\u00f3 que es acertada la determinaci\u00f3n y que se haya ce\u00f1ido al orden constitucional. &#8220;Es indispensable reforzar los modelos estatales y no suplantarlos&#8221;.<\/p>\n<p>El diputado integrante de la LXXIV Legislatura Local, a\u00f1adi\u00f3 que si bien los modelos son perfectibles y se requiere como se ha hecho, de la participaci\u00f3n federal, est\u00e1 debe realizarse apegada a derecho y respetando en todo momento la Ley, as\u00ed como el pacto federal.<\/p>\n<p>&#8220;La victoria democr\u00e1tica no se encuentra sobre la Ley, ni sobre los derechos, ni pasando sobre las conquistas democr\u00e1ticas, la Ley debe respetarse al igual que la soberan\u00eda de los estados en todo momento&#8221;.<\/p>\n<p>Azael Toledo consider\u00f3 positiva la decisi\u00f3n del Presidente de la Rep\u00fablica, Andr\u00e9s Manuel L\u00f3pez, sobre \u00a0delimitar las funciones de los delegados para que sea los gobernadores quienes sigan encabezando las reuniones de seguimiento y revisi\u00f3n de la estrategia de seguridad en los estados, tal como lo plante\u00f3 el Ejecutivo Estatal, Silvano Aureoles.<\/p>\n<p>Por lo anterior, se pronunci\u00f3 por el respeto pleno a la soberan\u00eda de los estados, a la suma de acuerdos para lograr el progreso del pa\u00eds y de la entidad.<\/p>\n","protected":false},"excerpt":{"rendered":"<p>A nombre del Grupo Parlamentario del PRD de la LXXIV Legislatura Local, al hacer uso de la voz desde su curul en sesi\u00f3n, el diputado Alfredo Azael Toledo Rangel celebr\u00f3 el restablecimiento del orden constitucional por parte del Ejecutivo Federal, al dar marcha atr\u00e1s a la imposici\u00f3n de que los superdelegados atendieran la seguridad p\u00fablica [&hellip;]<\/p>\n","protected":false},"author":2,"featured_media":59414,"comment_status":"closed","ping_status":"closed","sticky":false,"template":"","format":"standard","meta":{"footnotes":""},"categories":[6],"tags":[],"class_list":["post-59413","post","type-post","status-publish","format-standard","has-post-thumbnail","hentry","category-congreso-del-estado"],"_links":{"self":[{"href":"https:\/\/radiowebmx.com\/nota\/wp-json\/wp\/v2\/posts\/59413","targetHints":{"allow":["GET"]}}],"collection":[{"href":"https:\/\/radiowebmx.com\/nota\/wp-json\/wp\/v2\/posts"}],"about":[{"href":"https:\/\/radiowebmx.com\/nota\/wp-json\/wp\/v2\/types\/post"}],"author":[{"embeddable":true,"href":"https:\/\/radiowebmx.com\/nota\/wp-json\/wp\/v2\/users\/2"}],"replies":[{"embeddable":true,"href":"https:\/\/radiowebmx.com\/nota\/wp-json\/wp\/v2\/comments?post=59413"}],"version-history":[{"count":1,"href":"https:\/\/radiowebmx.com\/nota\/wp-json\/wp\/v2\/posts\/59413\/revisions"}],"predecessor-version":[{"id":59415,"href":"https:\/\/radiowebmx.com\/nota\/wp-json\/wp\/v2\/posts\/59413\/revisions\/59415"}],"wp:featuredmedia":[{"embeddable":true,"href":"https:\/\/radiowebmx.com\/nota\/wp-json\/wp\/v2\/media\/59414"}],"wp:attachment":[{"href":"https:\/\/radiowebmx.com\/nota\/wp-json\/wp\/v2\/media?parent=59413"}],"wp:term":[{"taxonomy":"category","embeddable":true,"href":"https:\/\/radiowebmx.com\/nota\/wp-json\/wp\/v2\/categories?post=59413"},{"taxonomy":"post_tag","embeddable":true,"href":"https:\/\/radiowebmx.com\/nota\/wp-json\/wp\/v2\/tags?post=59413"}],"curies":[{"name":"wp","href":"https:\/\/api.w.org\/{rel}","templated":true}]}}