{"id":59410,"date":"2018-12-06T14:28:54","date_gmt":"2018-12-06T20:28:54","guid":{"rendered":"https:\/\/radiowebmx.com\/nota\/?p=59410"},"modified":"2018-12-06T14:29:51","modified_gmt":"2018-12-06T20:29:51","slug":"la-paridad-de-genero-el-lenguaje-incluyente-y-la-igualdad-sustantiva-no-deben-ser-objeto-de-intercambio-politico-cristina-portillo-ayala","status":"publish","type":"post","link":"https:\/\/radiowebmx.com\/nota\/la-paridad-de-genero-el-lenguaje-incluyente-y-la-igualdad-sustantiva-no-deben-ser-objeto-de-intercambio-politico-cristina-portillo-ayala\/","title":{"rendered":"La paridad de g\u00e9nero, el lenguaje incluyente y la igualdad sustantiva, no deben ser objeto de intercambio pol\u00edtico: Cristina Portillo Ayala"},"content":{"rendered":"<p>Morelia, Michoac\u00e1n, M\u00e9xico, 5 de diciembre de 2018.- La paridad de g\u00e9nero y el lenguaje incluyente en las leyes no son principios extraordinarios y tampoco deben constituir elementos que se conviertan en objetos de intercambio por intereses pol\u00edticos; son atributos que constituyen una marca, un sello distintivo de una sociedad que avanza y que evoluciona hacia escenarios de absoluta igualdad sustantiva, asegur\u00f3 la diputada Cristina Portillo Ayala.<br \/>\nAl presentar hoy aqu\u00ed una iniciativa de reforma a diferentes art\u00edculos de la Ley Org\u00e1nica y de Procedimientos del Congreso del Estado de Michoac\u00e1n de Ocampo -pues en su condici\u00f3n actual no considera el principio de paridad y se maneja, de hecho, un lenguaje excluyente-, reconoci\u00f3 el avance en M\u00e9xico hacia la igualdad sustantiva, pero las mujeres a\u00fan no se encuentran en los puestos de decisi\u00f3n pol\u00edtica. Ni siquiera en el congreso donde los cargos importantes son para los hombres.<br \/>\nEn tribuna, pidi\u00f3 a diputados y diputadas, analizar de manera muy puntual esta iniciativa de reforma a la ley interna del Congreso pues, de hacerlo, \u201c\u2026 pasaremos a la historia como un congreso incluyente que logra las reformas necesarias para que la igualdad sustantiva en nuestras propias normas, sean realidad\u201d.<br \/>\nDijo que la reforma del 10 diez de febrero de 2014 al art\u00edculo 41 de la Constituci\u00f3n Pol\u00edtica de los Estados Unidos Mexicanos signific\u00f3 un avance considerable hacia la construcci\u00f3n de una sociedad m\u00e1s justa, incluyente y democr\u00e1tica e influy\u00f3 de manera determinante para reducir las brechas de desigualdad entre los hombres y mujeres.<br \/>\nAll\u00ed, se estableci\u00f3 la paridad como un principio constitucional cuyo objetivo \u00faltimo es la igualdad sustantiva entre los sexos, para que los derechos pol\u00edtico electorales de las y los ciudadanos se ejerzan en condiciones de igualdad.<br \/>\nLa paridad es ahora en M\u00e9xico por decreto constitucional, una medida permanente para lograr la inclusi\u00f3n de mujeres en los espacios de decisi\u00f3n p\u00fablica.<br \/>\nSin embargo, aclaro, \u201c\u2026es evidente que no podemos sujetar la condici\u00f3n de paridad solo en la esfera de los derechos pol\u00edtico electoral, pues si bien las mujeres hoy ejercemos el derecho a ser candidatas a cargos de elecci\u00f3n popular y los ganamos, a\u00fan no nos encontramos en las posiciones estrat\u00e9gicas de decisi\u00f3n pol\u00edtica, como debe ser\u201d.<br \/>\nEn esta perspectiva, \u201c\u2026 hoy debemos transitar hacia una nueva etapa en el que se construya un entorno legal que permita materializar la participaci\u00f3n directa de las mujeres en los \u00e1mbitos de mayor poder de decisi\u00f3n\u201d, asever\u00f3 Cristina Portillo al sentenciar que las mujeres en M\u00e9xico y particularmente en Michoac\u00e1n, \u201c\u2026 debemos participar en los \u00e1mbitos donde se toman decisiones que determinan la vida colectiva de los hombres y mujeres en sociedad.<br \/>\nY concluy\u00f3: Es indiscutible que la paridad debe convertirse en una medida permanente para lograr la inclusi\u00f3n de las mujeres en los espacios de decisi\u00f3n p\u00fablica y pol\u00edtica \u201c\u2026 pues nadie debe regatearnos ese leg\u00edtimo derecho\u201d.<br \/>\nLa iniciativa de Cristina Portillo Ayala reforma los art\u00edculos 29, 34, 53, 54, 55 y 98 de la Ley Org\u00e1nica y de Procedimientos del Congreso del Estado de Michoac\u00e1n de Ocampo.<\/p>\n","protected":false},"excerpt":{"rendered":"<p>Morelia, Michoac\u00e1n, M\u00e9xico, 5 de diciembre de 2018.- La paridad de g\u00e9nero y el lenguaje incluyente en las leyes no son principios extraordinarios y tampoco deben constituir elementos que se conviertan en objetos de intercambio por intereses pol\u00edticos; son atributos que constituyen una marca, un sello distintivo de una sociedad que avanza y que evoluciona [&hellip;]<\/p>\n","protected":false},"author":2,"featured_media":59411,"comment_status":"closed","ping_status":"closed","sticky":false,"template":"","format":"standard","meta":{"footnotes":""},"categories":[6],"tags":[],"class_list":["post-59410","post","type-post","status-publish","format-standard","has-post-thumbnail","hentry","category-congreso-del-estado"],"_links":{"self":[{"href":"https:\/\/radiowebmx.com\/nota\/wp-json\/wp\/v2\/posts\/59410","targetHints":{"allow":["GET"]}}],"collection":[{"href":"https:\/\/radiowebmx.com\/nota\/wp-json\/wp\/v2\/posts"}],"about":[{"href":"https:\/\/radiowebmx.com\/nota\/wp-json\/wp\/v2\/types\/post"}],"author":[{"embeddable":true,"href":"https:\/\/radiowebmx.com\/nota\/wp-json\/wp\/v2\/users\/2"}],"replies":[{"embeddable":true,"href":"https:\/\/radiowebmx.com\/nota\/wp-json\/wp\/v2\/comments?post=59410"}],"version-history":[{"count":1,"href":"https:\/\/radiowebmx.com\/nota\/wp-json\/wp\/v2\/posts\/59410\/revisions"}],"predecessor-version":[{"id":59412,"href":"https:\/\/radiowebmx.com\/nota\/wp-json\/wp\/v2\/posts\/59410\/revisions\/59412"}],"wp:featuredmedia":[{"embeddable":true,"href":"https:\/\/radiowebmx.com\/nota\/wp-json\/wp\/v2\/media\/59411"}],"wp:attachment":[{"href":"https:\/\/radiowebmx.com\/nota\/wp-json\/wp\/v2\/media?parent=59410"}],"wp:term":[{"taxonomy":"category","embeddable":true,"href":"https:\/\/radiowebmx.com\/nota\/wp-json\/wp\/v2\/categories?post=59410"},{"taxonomy":"post_tag","embeddable":true,"href":"https:\/\/radiowebmx.com\/nota\/wp-json\/wp\/v2\/tags?post=59410"}],"curies":[{"name":"wp","href":"https:\/\/api.w.org\/{rel}","templated":true}]}}