{"id":594,"date":"2012-12-13T09:35:13","date_gmt":"2012-12-13T15:35:13","guid":{"rendered":"https:\/\/radiowebmx.com\/nota\/?p=594"},"modified":"2012-12-13T09:35:13","modified_gmt":"2012-12-13T15:35:13","slug":"inversion-y-promocion-turistica-objetivos-de-la-visita-oficial-de-fausto-vallejo-a-el-vaticano","status":"publish","type":"post","link":"https:\/\/radiowebmx.com\/nota\/inversion-y-promocion-turistica-objetivos-de-la-visita-oficial-de-fausto-vallejo-a-el-vaticano\/","title":{"rendered":"INVERSI\u00d3N Y PROMOCI\u00d3N TUR\u00cdSTICA, OBJETIVOS DE LA VISITA OFICIAL DE FAUSTO VALLEJO A EL VATICANO"},"content":{"rendered":"<p>El gobierno de Michoac\u00e1n a trav\u00e9s de la Secretar\u00eda de Gobierno, en relaci\u00f3n al supuesto uso de recursos p\u00fablicos para financiar los gastos de la delegaci\u00f3n que acudi\u00f3 a Italia para presenciar el arranque de \u201cNavidad Mexicana en El Vaticano\u201d, que este a\u00f1o correspondi\u00f3 a Michoac\u00e1n encabezar, precisa lo siguiente:<\/p>\n<p>1.- Con el montaje solemne de 2 nacimientos representativos de Michoac\u00e1n, 2 \u00e1rboles de navidad adornados con artesan\u00eda del estado y la exposici\u00f3n fotogr\u00e1fica de 60 im\u00e1genes de la entidad en el Aula Paulo VI, en el museo de El Vaticano y en la\u00a0\u00a0ruta denominada V\u00eda de la Conciliaci\u00f3n, se busca la promoci\u00f3n tur\u00edstica de Michoac\u00e1n por 2 meses, en tres puntos de dicha ciudad italiana, cada uno con una afluencia de cien mil personas\u00a0\u00a0por d\u00eda.<\/p>\n<p>2.- Esta visita oficial busca a trav\u00e9s del encuentro con empresarios europeos, inversiones en la entidad en materia de energ\u00edas renovables, tratamientos de agua y desarrollo tur\u00edstico, con el objetivo de crear m\u00e1s fuentes de empleo para los michoacanos.<\/p>\n<p>3.- En todo momento el gobierno del estado ha manifestado que la delegaci\u00f3n de michoacanos que participan en la gira de trabajo por El Vaticano, est\u00e1 compuesta por funcionarios, empresarios, artesanos, cocineras tradicionales, artistas y staff de producci\u00f3n.<\/p>\n<p>4.- De dicha delegaci\u00f3n cubrieron sus gastos de avi\u00f3n, hospedaje, comida y estancia:<\/p>\n<p>a) Con recurso p\u00fablico: El secretario de Turismo, Roberto Monroy Garc\u00eda, el staff de producci\u00f3n as\u00ed como el titular de la Casa de las Artesan\u00edas, Rafael Paz Vega.<\/p>\n<p>b) Gracias al patrocinio de la iniciativa privada a trav\u00e9s de empresas como Cemex, Aeromexico, Cin\u00e9polis, Banamex y Telmex:\u00a0Artesanos, cocineras, artistas, el gobernador Fausto Vallejo Figueroa y su esposa, Patricia Mora.<\/p>\n<p>c) Por cuenta propia:\u00a0Los empresarios que acompa\u00f1an a la delegaci\u00f3n, as\u00ed como todos los dem\u00e1s servidores p\u00fablicos estatales y sus familiares, que decidieron integrarse a la comitiva con sus propios recursos.<\/p>\n<p>&nbsp;<\/p>\n","protected":false},"excerpt":{"rendered":"<p>El gobierno de Michoac\u00e1n a trav\u00e9s de la Secretar\u00eda de Gobierno, en relaci\u00f3n al supuesto uso de recursos p\u00fablicos para financiar los gastos de la delegaci\u00f3n que acudi\u00f3 a Italia para presenciar el arranque de \u201cNavidad Mexicana en El Vaticano\u201d, que este a\u00f1o correspondi\u00f3 a Michoac\u00e1n encabezar, precisa lo siguiente:<\/p>\n","protected":false},"author":1,"featured_media":0,"comment_status":"open","ping_status":"open","sticky":false,"template":"","format":"standard","meta":{"footnotes":""},"categories":[3],"tags":[],"class_list":["post-594","post","type-post","status-publish","format-standard","hentry","category-gobierno-del-estado-de-michoacan"],"_links":{"self":[{"href":"https:\/\/radiowebmx.com\/nota\/wp-json\/wp\/v2\/posts\/594","targetHints":{"allow":["GET"]}}],"collection":[{"href":"https:\/\/radiowebmx.com\/nota\/wp-json\/wp\/v2\/posts"}],"about":[{"href":"https:\/\/radiowebmx.com\/nota\/wp-json\/wp\/v2\/types\/post"}],"author":[{"embeddable":true,"href":"https:\/\/radiowebmx.com\/nota\/wp-json\/wp\/v2\/users\/1"}],"replies":[{"embeddable":true,"href":"https:\/\/radiowebmx.com\/nota\/wp-json\/wp\/v2\/comments?post=594"}],"version-history":[{"count":1,"href":"https:\/\/radiowebmx.com\/nota\/wp-json\/wp\/v2\/posts\/594\/revisions"}],"predecessor-version":[{"id":595,"href":"https:\/\/radiowebmx.com\/nota\/wp-json\/wp\/v2\/posts\/594\/revisions\/595"}],"wp:attachment":[{"href":"https:\/\/radiowebmx.com\/nota\/wp-json\/wp\/v2\/media?parent=594"}],"wp:term":[{"taxonomy":"category","embeddable":true,"href":"https:\/\/radiowebmx.com\/nota\/wp-json\/wp\/v2\/categories?post=594"},{"taxonomy":"post_tag","embeddable":true,"href":"https:\/\/radiowebmx.com\/nota\/wp-json\/wp\/v2\/tags?post=594"}],"curies":[{"name":"wp","href":"https:\/\/api.w.org\/{rel}","templated":true}]}}