{"id":59371,"date":"2018-12-05T12:08:14","date_gmt":"2018-12-05T18:08:14","guid":{"rendered":"https:\/\/radiowebmx.com\/nota\/?p=59371"},"modified":"2018-12-05T12:08:14","modified_gmt":"2018-12-05T18:08:14","slug":"en-diciembre-comienza-a-operar-la-direccion-general-del-imss-en-morelia","status":"publish","type":"post","link":"https:\/\/radiowebmx.com\/nota\/en-diciembre-comienza-a-operar-la-direccion-general-del-imss-en-morelia\/","title":{"rendered":"En diciembre comienza a operar la direcci\u00f3n general del IMSS en Morelia"},"content":{"rendered":"<ul type=\"disc\">\n<li class=\"x_MsoNormal\"><strong><i>Congreso del Estado instala Comisi\u00f3n Especial para dar seguimiento al traslado de la dependencia federal a Michoac\u00e1n<\/i><\/strong><\/li>\n<\/ul>\n<p class=\"x_MsoNormal\"><strong><i>\u00a0<\/i><\/strong><\/p>\n<p class=\"x_MsoNormal\"><b>Morelia; Michoac\u00e1n, 04 de diciembre de 2018.-<\/b>\u00a0Este mismo mes inicia el proceso de traslado de las oficinas centrales del Instituto Mexicano del Seguro Social (IMSS) a Michoac\u00e1n, ya que en un plazo de 15 d\u00edas comenzar\u00e1 a operar en Morelia su director general Germ\u00e1n Mart\u00ednez C\u00e1zares, inform\u00f3 el diputado de Morena Alfredo Ram\u00edrez Bedolla.<\/p>\n<p class=\"x_MsoNormal\">El presidente de la Mesa Directiva en el Congreso del Estado, Jos\u00e9 Antonio Salas Valencia, instal\u00f3 la Comisi\u00f3n Especial para coadyuvar en la atenci\u00f3n y facilidades para el traslado de las oficinas centrales del IMSS a la Zona Metropolitana de Morelia, que es presidida por Alfredo Ram\u00edrez Bedolla, e integrada por Mar\u00eda del Refugio Cabrera Hermosillo, Yarab\u00ed \u00c1vila Gonz\u00e1lez, Brenda Fraga Guti\u00e9rrez, Lucila Mart\u00ednez Manr\u00edquez, Cristina Portillo Ayala, y Alfredo Azael Toledo Rangel.<\/p>\n<p class=\"x_MsoNormal\">Jos\u00e9 Antonio Salas puntualiz\u00f3 que, por iniciativa del legislador de Morena Alfredo Ram\u00edrez Bedolla, el Congreso del Estado aprob\u00f3 la creaci\u00f3n de esta Comisi\u00f3n Especial a trav\u00e9s de la cual, el Legislativo jugar\u00e1 un rol importante para facilitar que una de las dependencias federales de mayor relevancia para los mexicanos se instale en la capital del estado.<\/p>\n<p class=\"x_MsoNormal\">El presidente de dicha Comisi\u00f3n refiri\u00f3 que la descentralizaci\u00f3n de la administraci\u00f3n federal es un proyecto del presidente de la Rep\u00fablica, Andr\u00e9s Manuel L\u00f3pez Obrador, con el que busca impulsar un desarrollo m\u00e1s equilibrado en las entidades federativas del pa\u00eds. Recalc\u00f3 que la operaci\u00f3n del IMSS en Michoac\u00e1n puede representar una oportunidad para desarrollar un cluster de servicios m\u00e9dicos que contribuya a dinamizar la econom\u00eda local.<\/p>\n<p class=\"x_MsoNormal\">Puntualiz\u00f3 que entre las atribuciones de la Comisi\u00f3n Especial instalada este d\u00eda destacan:<\/p>\n<p class=\"x_MsoNormal\">\u00a0\u2022 En coordinaci\u00f3n con dependencias federales, elaborar un plan maestro para el traslado paulatino de las oficinas centrales del IMSS.<\/p>\n<p class=\"x_MsoNormal\">\u00a0\u2022 Impulsar una amplia difusi\u00f3n, an\u00e1lisis, reflexi\u00f3n y estudio de las acciones, planes, y estrategias relacionadas con el desarrollo de la Zona Metropolitana de Morelia, y del estado de Michoac\u00e1n.<\/p>\n<p class=\"x_MsoNormal\">\u00a0\u2022 Impulsar coordinadamente con el Ejecutivo estatal iniciativas necesarias para la desincorporaci\u00f3n de predios y\/o inmuebles propiedad del Gobierno del Estado y los municipios pertenecientes a la Zona Metropolitana de la Ciudad.<\/p>\n<p class=\"x_MsoNormal\">\u00a0\u2022 Promover una agenda de trabajo con diversos sectores, funcionarios p\u00fablicos, empresarios, organizaciones, y sociedad civil, para impulsar de manera integral el desarrollo de la Zona Metropolitana de Morelia.<\/p>\n","protected":false},"excerpt":{"rendered":"<p>Congreso del Estado instala Comisi\u00f3n Especial para dar seguimiento al traslado de la dependencia federal a Michoac\u00e1n \u00a0 Morelia; Michoac\u00e1n, 04 de diciembre de 2018.-\u00a0Este mismo mes inicia el proceso de traslado de las oficinas centrales del Instituto Mexicano del Seguro Social (IMSS) a Michoac\u00e1n, ya que en un plazo de 15 d\u00edas comenzar\u00e1 a [&hellip;]<\/p>\n","protected":false},"author":2,"featured_media":59372,"comment_status":"closed","ping_status":"closed","sticky":false,"template":"","format":"standard","meta":{"footnotes":""},"categories":[6],"tags":[],"class_list":["post-59371","post","type-post","status-publish","format-standard","has-post-thumbnail","hentry","category-congreso-del-estado"],"_links":{"self":[{"href":"https:\/\/radiowebmx.com\/nota\/wp-json\/wp\/v2\/posts\/59371","targetHints":{"allow":["GET"]}}],"collection":[{"href":"https:\/\/radiowebmx.com\/nota\/wp-json\/wp\/v2\/posts"}],"about":[{"href":"https:\/\/radiowebmx.com\/nota\/wp-json\/wp\/v2\/types\/post"}],"author":[{"embeddable":true,"href":"https:\/\/radiowebmx.com\/nota\/wp-json\/wp\/v2\/users\/2"}],"replies":[{"embeddable":true,"href":"https:\/\/radiowebmx.com\/nota\/wp-json\/wp\/v2\/comments?post=59371"}],"version-history":[{"count":1,"href":"https:\/\/radiowebmx.com\/nota\/wp-json\/wp\/v2\/posts\/59371\/revisions"}],"predecessor-version":[{"id":59373,"href":"https:\/\/radiowebmx.com\/nota\/wp-json\/wp\/v2\/posts\/59371\/revisions\/59373"}],"wp:featuredmedia":[{"embeddable":true,"href":"https:\/\/radiowebmx.com\/nota\/wp-json\/wp\/v2\/media\/59372"}],"wp:attachment":[{"href":"https:\/\/radiowebmx.com\/nota\/wp-json\/wp\/v2\/media?parent=59371"}],"wp:term":[{"taxonomy":"category","embeddable":true,"href":"https:\/\/radiowebmx.com\/nota\/wp-json\/wp\/v2\/categories?post=59371"},{"taxonomy":"post_tag","embeddable":true,"href":"https:\/\/radiowebmx.com\/nota\/wp-json\/wp\/v2\/tags?post=59371"}],"curies":[{"name":"wp","href":"https:\/\/api.w.org\/{rel}","templated":true}]}}