{"id":5937,"date":"2014-03-07T12:11:32","date_gmt":"2014-03-07T18:11:32","guid":{"rendered":"https:\/\/radiowebmx.com\/nota\/?p=5937"},"modified":"2014-03-07T12:11:32","modified_gmt":"2014-03-07T18:11:32","slug":"con-el-primer-tribunal-de-justicia-de-la-nacion-en-ario-de-rosales-un-nuevo-tipo-de-justicia-inspirado-en-la-libertad-la-democracia-y-la-igualdad","status":"publish","type":"post","link":"https:\/\/radiowebmx.com\/nota\/con-el-primer-tribunal-de-justicia-de-la-nacion-en-ario-de-rosales-un-nuevo-tipo-de-justicia-inspirado-en-la-libertad-la-democracia-y-la-igualdad\/","title":{"rendered":"Con el Primer Tribunal de Justicia de la Naci\u00f3n en Ario de Rosales, un nuevo tipo de justicia inspirado en la libertad, la democracia y la igualdad"},"content":{"rendered":"<p><a href=\"https:\/\/radiowebmx.com\/nota\/wp-content\/uploads\/2014\/03\/1.jpg\"><img loading=\"lazy\" decoding=\"async\" class=\"alignleft size-full wp-image-5938\" alt=\"1\" src=\"https:\/\/radiowebmx.com\/nota\/wp-content\/uploads\/2014\/03\/1.jpg\" width=\"591\" height=\"327\" \/><\/a>La conmemoraci\u00f3n de la instalaci\u00f3n del Primer Supremo Tribunal de Justicia de la Naci\u00f3n, en Ario de Rosales, que se celebra este 7 de marzo, es el momento propicio para socializar el ideario de Jos\u00e9 Mar\u00eda Morelos en torno a la impartici\u00f3n y administraci\u00f3n de justicia.<\/p>\n<p>&nbsp;<\/p>\n<p>Como parte del Ciclo de conferencias que con este motivo organiz\u00f3 el Poder Judicial de Michoac\u00e1n en coordinaci\u00f3n con el Poder Judicial de la Federaci\u00f3n, Juan Garc\u00eda Orozco, magistrado del Primer Tribunal Colegiado en Materia Administrativa y del Trabajo del D\u00e9cimo Primer Circuito en Morelia, dict\u00f3 la conferencia <i>\u00bfC\u00f3mo juzg\u00f3 y con qu\u00e9 juzg\u00f3 el Tribunal de Ario de 1815?.<\/i><\/p>\n<p>&nbsp;<\/p>\n<p>Ante la presencia de Juan Antonio Maga\u00f1a de la Mora, presidente del Supremo Tribunal de Justicia y del Consejo del Poder Judicial de Michoac\u00e1n, y de Victorino Rojas Rivera, integrante del Primer Tribunal Colegiado en Materia Administrativa y del Trabajo, y coordinador de magistrados de D\u00e9cimo Primer Circuito; el conferencista hizo una descripci\u00f3n de una serie de los numerosos casos, asuntos y controversias que se plantearon ante el Tribunal de Ario.<\/p>\n<p>&nbsp;<\/p>\n<p>Con ello, se manifiesta la actuaci\u00f3n del Tribunal, que sirvi\u00f3 para darle vida a esa disposici\u00f3n constitucional que creaba el Supremo Tribunal de Justicia de la Naci\u00f3n Mexicana, a trav\u00e9s de estos casos civiles, penales, laborales y agrarios, que no obstante el periodo corto de tiempo en operaci\u00f3n, su funci\u00f3n fue eficaz y efectiva.<\/p>\n<p>&nbsp;<\/p>\n<p>Asimismo, aun con la precaria situaci\u00f3n en la que se encontraba, mantuvo una constancia y continuidad en su quehacer y, por lo tanto, es notable destacar que fue un primer tribunal que estuvo actuando, operando, impartiendo y administrando justicia de calidad, a pesar de las circunstancias dif\u00edciles que se viv\u00eda en M\u00e9xico en aquella \u00e9poca, por lo que es un modelo a seguir.<\/p>\n<p>&nbsp;<\/p>\n<p>El Tribunal de Ario tuvo adem\u00e1s influencia en otros estados como Jalisco, Estado de M\u00e9xico y Guanajuato, desde donde ven\u00edan los peticionarios de justicia para plantear de viva voz sus quejas y el Tribunal resolv\u00eda, dictaba sentencias, autos, as\u00ed como recursos de protecci\u00f3n para restablecer el goce de los derechos del individuo.<\/p>\n<p>&nbsp;<\/p>\n<p>El Poder Judicial de Michoac\u00e1n, el de Federaci\u00f3n, as\u00ed como de los estados, tienen un origen, el de Ario de 1815, con el que se logr\u00f3 un nuevo tipo de justicia inspirado en la libertad, la democracia y la igualdad entre los sujetos que acud\u00edan al mismo.<\/p>\n<p>&nbsp;<\/p>\n","protected":false},"excerpt":{"rendered":"<p>La conmemoraci\u00f3n de la instalaci\u00f3n del Primer Supremo Tribunal de Justicia de la Naci\u00f3n, en Ario de Rosales, que se celebra este 7 de marzo, es el momento propicio para socializar el ideario de Jos\u00e9 Mar\u00eda Morelos en torno a la impartici\u00f3n y administraci\u00f3n de justicia.<\/p>\n","protected":false},"author":1,"featured_media":0,"comment_status":"open","ping_status":"open","sticky":false,"template":"","format":"standard","meta":{"footnotes":""},"categories":[14,3],"tags":[],"class_list":["post-5937","post","type-post","status-publish","format-standard","hentry","category-destacadas","category-gobierno-del-estado-de-michoacan"],"_links":{"self":[{"href":"https:\/\/radiowebmx.com\/nota\/wp-json\/wp\/v2\/posts\/5937","targetHints":{"allow":["GET"]}}],"collection":[{"href":"https:\/\/radiowebmx.com\/nota\/wp-json\/wp\/v2\/posts"}],"about":[{"href":"https:\/\/radiowebmx.com\/nota\/wp-json\/wp\/v2\/types\/post"}],"author":[{"embeddable":true,"href":"https:\/\/radiowebmx.com\/nota\/wp-json\/wp\/v2\/users\/1"}],"replies":[{"embeddable":true,"href":"https:\/\/radiowebmx.com\/nota\/wp-json\/wp\/v2\/comments?post=5937"}],"version-history":[{"count":2,"href":"https:\/\/radiowebmx.com\/nota\/wp-json\/wp\/v2\/posts\/5937\/revisions"}],"predecessor-version":[{"id":5940,"href":"https:\/\/radiowebmx.com\/nota\/wp-json\/wp\/v2\/posts\/5937\/revisions\/5940"}],"wp:attachment":[{"href":"https:\/\/radiowebmx.com\/nota\/wp-json\/wp\/v2\/media?parent=5937"}],"wp:term":[{"taxonomy":"category","embeddable":true,"href":"https:\/\/radiowebmx.com\/nota\/wp-json\/wp\/v2\/categories?post=5937"},{"taxonomy":"post_tag","embeddable":true,"href":"https:\/\/radiowebmx.com\/nota\/wp-json\/wp\/v2\/tags?post=5937"}],"curies":[{"name":"wp","href":"https:\/\/api.w.org\/{rel}","templated":true}]}}