{"id":59326,"date":"2018-12-03T18:44:07","date_gmt":"2018-12-04T00:44:07","guid":{"rendered":"https:\/\/radiowebmx.com\/nota\/?p=59326"},"modified":"2018-12-03T18:44:07","modified_gmt":"2018-12-04T00:44:07","slug":"convoca-araceli-saucedo-a-garantizar-desarrollo-pleno-a-personas-con-discapacidad","status":"publish","type":"post","link":"https:\/\/radiowebmx.com\/nota\/convoca-araceli-saucedo-a-garantizar-desarrollo-pleno-a-personas-con-discapacidad\/","title":{"rendered":"Convoca Araceli Saucedo a garantizar desarrollo pleno a personas con discapacidad"},"content":{"rendered":"<p>A garantizar el acceso a la educaci\u00f3n, salud, trabajo, recreaci\u00f3n, deporte y cultura a las personas con discapacidad convoc\u00f3 la diputada Araceli Saucedo Reyes, tras referir que se deben eliminar los obst\u00e1culos que impiden su pleno desarrollo en los distintos \u00e1mbitos.<\/p>\n<p>En el marco del D\u00eda Internacional de las Personas con Discapacidad, la diputada local por el Distrito de P\u00e1tzcuaro subray\u00f3 que no deben escatimarse esfuerzos para garantizar que este sector participe en la vida social, econ\u00f3mica y pol\u00edtica de nuestro pa\u00eds.<\/p>\n<p>Por ello, se pronunci\u00f3 por el impulso de iniciativas que se cristalicen en leyes y reformas que integren a las personas con discapacidad en los distintos roles del desarrollo del Estado, en donde no exista cabida a los actos de discriminaci\u00f3n y se apueste por la justicia, con una nueva cultura, en donde es vital la participaci\u00f3n de la sociedad en su conjunto.<\/p>\n<p>Araceli Saucedo se pronunci\u00f3 por reformar la Ley para la Inclusi\u00f3n de Personas con Discapacidad, aunado a realizar una revisi\u00f3n del cumplimiento de la norma vigente, con el objetivo de que, de manera permanente, se est\u00e9n realizando acciones que contribuya a que las personas con discapacidad mejoren sus condiciones de vida.<\/p>\n<p>En Michoac\u00e1n, aproximadamente, el 7.8 por ciento de la poblaci\u00f3n tiene alguna discapacidad, por lo que su integraci\u00f3n a una vida plena debe estar garantizado; \u201cno basta reconocer \u00fanicamente la necesidad de garantizar a estas personas su pleno ejercicio de los derechos humanos y libertades fundamentales que les corresponden; tambi\u00e9n se requiere la toma de acciones encaminadas para eliminar toda barrera que se los impida\u201d, subray\u00f3 \u00a0Araceli Saucedo.<\/p>\n<p>En el caso de nuestro pa\u00eds, sostuvo, es visible la ausencia de pol\u00edticas efectivas y eficaces que garanticen el progreso de las personas con discapacidad, ya que existen acciones discriminatorias de las que a\u00fan son v\u00edctimas, lo que representa un obst\u00e1culo para su desarrollo pleno.<\/p>\n<p>La diputada local reconoci\u00f3 las acciones que a lo largo de la actual administraci\u00f3n se han puesto en marcha a fin de fortalecer las pol\u00edticas p\u00fablicas que garanticen el ejercicio de los derechos, para una vida digna y plena de las personas con discapacidad.<\/p>\n<p>Entre ellas, dijo, la puesta en marcha del Espacio para la Atenci\u00f3n Integral de las Personas con Discapacidad Visual, una instancia especializada para el tratamiento de la poblaci\u00f3n con esta discapacidad; adem\u00e1s de la entrega de unidades a 107 municipios, para trasladar a personas con discapacidad hacia los Centros de Salud o de Rehabilitaci\u00f3n; aunado a la remodelaci\u00f3n del Museo del Estado en Morelia y del Centro Cultural Clavijero, para convertirlo en un edificio accesible, a las personas con discapacidad.<\/p>\n","protected":false},"excerpt":{"rendered":"<p>A garantizar el acceso a la educaci\u00f3n, salud, trabajo, recreaci\u00f3n, deporte y cultura a las personas con discapacidad convoc\u00f3 la diputada Araceli Saucedo Reyes, tras referir que se deben eliminar los obst\u00e1culos que impiden su pleno desarrollo en los distintos \u00e1mbitos. En el marco del D\u00eda Internacional de las Personas con Discapacidad, la diputada local [&hellip;]<\/p>\n","protected":false},"author":2,"featured_media":59327,"comment_status":"closed","ping_status":"closed","sticky":false,"template":"","format":"standard","meta":{"footnotes":""},"categories":[6],"tags":[],"class_list":["post-59326","post","type-post","status-publish","format-standard","has-post-thumbnail","hentry","category-congreso-del-estado"],"_links":{"self":[{"href":"https:\/\/radiowebmx.com\/nota\/wp-json\/wp\/v2\/posts\/59326","targetHints":{"allow":["GET"]}}],"collection":[{"href":"https:\/\/radiowebmx.com\/nota\/wp-json\/wp\/v2\/posts"}],"about":[{"href":"https:\/\/radiowebmx.com\/nota\/wp-json\/wp\/v2\/types\/post"}],"author":[{"embeddable":true,"href":"https:\/\/radiowebmx.com\/nota\/wp-json\/wp\/v2\/users\/2"}],"replies":[{"embeddable":true,"href":"https:\/\/radiowebmx.com\/nota\/wp-json\/wp\/v2\/comments?post=59326"}],"version-history":[{"count":1,"href":"https:\/\/radiowebmx.com\/nota\/wp-json\/wp\/v2\/posts\/59326\/revisions"}],"predecessor-version":[{"id":59328,"href":"https:\/\/radiowebmx.com\/nota\/wp-json\/wp\/v2\/posts\/59326\/revisions\/59328"}],"wp:featuredmedia":[{"embeddable":true,"href":"https:\/\/radiowebmx.com\/nota\/wp-json\/wp\/v2\/media\/59327"}],"wp:attachment":[{"href":"https:\/\/radiowebmx.com\/nota\/wp-json\/wp\/v2\/media?parent=59326"}],"wp:term":[{"taxonomy":"category","embeddable":true,"href":"https:\/\/radiowebmx.com\/nota\/wp-json\/wp\/v2\/categories?post=59326"},{"taxonomy":"post_tag","embeddable":true,"href":"https:\/\/radiowebmx.com\/nota\/wp-json\/wp\/v2\/tags?post=59326"}],"curies":[{"name":"wp","href":"https:\/\/api.w.org\/{rel}","templated":true}]}}