{"id":59272,"date":"2018-12-03T12:17:19","date_gmt":"2018-12-03T18:17:19","guid":{"rendered":"https:\/\/radiowebmx.com\/nota\/?p=59272"},"modified":"2018-12-03T12:17:19","modified_gmt":"2018-12-03T18:17:19","slug":"se-compromete-adriana-hernandez-a-seguir-trabajando-por-la-inclusion","status":"publish","type":"post","link":"https:\/\/radiowebmx.com\/nota\/se-compromete-adriana-hernandez-a-seguir-trabajando-por-la-inclusion\/","title":{"rendered":"Se compromete Adriana Hern\u00e1ndez a seguir trabajando por la inclusi\u00f3n"},"content":{"rendered":"<ul type=\"disc\">\n<li class=\"x_MsoNormal\"><i>M\u00e1s de 2 mil personas participaron en la tercera edici\u00f3n de la Caminata de la Discapacidad<\/i><\/li>\n<\/ul>\n<p class=\"x_MsoNormal\"><b>Morelia; Michoac\u00e1n, 02 de diciembre de 2018.-<\/b>\u00a0Como sociedad debemos ense\u00f1arnos a no discriminar y a ser incluyentes en todos los sentidos y desde el Congreso del Estado seguir\u00e9 trabajando para mejorar la calidad de vida de las personas con alguna discapacidad, asegur\u00f3 la diputada Adriana Hern\u00e1ndez \u00cd\u00f1iguez, en el marco del banderazo de salida de la Caminata de la Discapacidad 2018.<\/p>\n<p class=\"x_MsoNormal\">La legisladora tricolor aprovech\u00f3 para hacer un llamado tanto a autoridades como a representantes de organizaciones y de la sociedad civil en general para trabajar de manera coordinada a fin de mejorar vialidades e infraestructura que permitan una verdadera inclusi\u00f3n.<\/p>\n<p class=\"x_MsoNormal\">\u201cEs el tercer a\u00f1o que hacemos esta caminata con \u00e9xito y debemos recordar que el objetivo es crear conciencia de la importancia de la inclusi\u00f3n; adem\u00e1s, seguir\u00e9 trabajando con algunas iniciativas en el Congreso\u201d, expres\u00f3 la diputada.<\/p>\n<p class=\"x_MsoNormal\">En esta tercera edici\u00f3n, Hern\u00e1ndez \u00cd\u00f1iguez resalt\u00f3 la participaci\u00f3n de poco m\u00e1s de 2 mil personas de todas las edades; en ese sentido agradeci\u00f3 la participaci\u00f3n de algunas asociaciones, del Consejo Estatal para Prevenir y Eliminar la Discriminaci\u00f3n y la Violencia y de FEMSA.<\/p>\n<p class=\"x_MsoNormal\">Cabe recordar que esta Caminata se realiz\u00f3 en el marco del D\u00eda Internacional de las Personas con discapacidad que se conmemora cada 3 de diciembre, en ese sentido, Adriana Hern\u00e1ndez afirm\u00f3 que es necesario reforzar el tema de la inclusi\u00f3n.<\/p>\n<p class=\"x_MsoNormal\">Ernesto Viveros Hern\u00e1ndez, Sergio Cruz y C\u00e1ndido Herrera Salgado fueron los participantes que ocuparon los tres primeros lugares, respectivamente.<\/p>\n<p class=\"x_MsoNormal\">Al terminar la Caminata se realizaron algunas demostraciones de juegos como el Gol Bol, un juego de pelota dise\u00f1ado especialmente para personas con discapacidad visual.<\/p>\n<p class=\"x_MsoNormal\">La delegada de PROSPERA en Michoac\u00e1n, Roc\u00edo Luqu\u00edn; Alberto Hern\u00e1ndez Ram\u00edrez, titular del Consejo Estatal para Prevenir y Eliminar la Discriminaci\u00f3n y la Violencia en Michoac\u00e1n; Neftal\u00ed Garc\u00eda, director de FEMSA en Michoac\u00e1n; Eduardo Z\u00e1rate del Centro de Cultura para la Discapacidad y Dela Cruz B\u00e9jar, presidenta del Centro de Atenci\u00f3n para la Disfunci\u00f3n Neurol\u00f3gica, acompa\u00f1aron a la diputada en el banderazo de salida.<\/p>\n","protected":false},"excerpt":{"rendered":"<p>M\u00e1s de 2 mil personas participaron en la tercera edici\u00f3n de la Caminata de la Discapacidad Morelia; Michoac\u00e1n, 02 de diciembre de 2018.-\u00a0Como sociedad debemos ense\u00f1arnos a no discriminar y a ser incluyentes en todos los sentidos y desde el Congreso del Estado seguir\u00e9 trabajando para mejorar la calidad de vida de las personas con [&hellip;]<\/p>\n","protected":false},"author":2,"featured_media":59273,"comment_status":"closed","ping_status":"closed","sticky":false,"template":"","format":"standard","meta":{"footnotes":""},"categories":[6],"tags":[],"class_list":["post-59272","post","type-post","status-publish","format-standard","has-post-thumbnail","hentry","category-congreso-del-estado"],"_links":{"self":[{"href":"https:\/\/radiowebmx.com\/nota\/wp-json\/wp\/v2\/posts\/59272","targetHints":{"allow":["GET"]}}],"collection":[{"href":"https:\/\/radiowebmx.com\/nota\/wp-json\/wp\/v2\/posts"}],"about":[{"href":"https:\/\/radiowebmx.com\/nota\/wp-json\/wp\/v2\/types\/post"}],"author":[{"embeddable":true,"href":"https:\/\/radiowebmx.com\/nota\/wp-json\/wp\/v2\/users\/2"}],"replies":[{"embeddable":true,"href":"https:\/\/radiowebmx.com\/nota\/wp-json\/wp\/v2\/comments?post=59272"}],"version-history":[{"count":1,"href":"https:\/\/radiowebmx.com\/nota\/wp-json\/wp\/v2\/posts\/59272\/revisions"}],"predecessor-version":[{"id":59274,"href":"https:\/\/radiowebmx.com\/nota\/wp-json\/wp\/v2\/posts\/59272\/revisions\/59274"}],"wp:featuredmedia":[{"embeddable":true,"href":"https:\/\/radiowebmx.com\/nota\/wp-json\/wp\/v2\/media\/59273"}],"wp:attachment":[{"href":"https:\/\/radiowebmx.com\/nota\/wp-json\/wp\/v2\/media?parent=59272"}],"wp:term":[{"taxonomy":"category","embeddable":true,"href":"https:\/\/radiowebmx.com\/nota\/wp-json\/wp\/v2\/categories?post=59272"},{"taxonomy":"post_tag","embeddable":true,"href":"https:\/\/radiowebmx.com\/nota\/wp-json\/wp\/v2\/tags?post=59272"}],"curies":[{"name":"wp","href":"https:\/\/api.w.org\/{rel}","templated":true}]}}