{"id":5923,"date":"2014-03-07T11:52:03","date_gmt":"2014-03-07T17:52:03","guid":{"rendered":"https:\/\/radiowebmx.com\/nota\/?p=5923"},"modified":"2014-03-07T11:52:03","modified_gmt":"2014-03-07T17:52:03","slug":"secretaria-de-educacion-y-universidad-la-salle-morelia-anuncian-congreso-internacional","status":"publish","type":"post","link":"https:\/\/radiowebmx.com\/nota\/secretaria-de-educacion-y-universidad-la-salle-morelia-anuncian-congreso-internacional\/","title":{"rendered":"SECRETAR\u00cdA DE EDUCACI\u00d3N Y UNIVERSIDAD LA SALLE MORELIA ANUNCIAN CONGRESO INTERNACIONAL"},"content":{"rendered":"<p><a href=\"https:\/\/radiowebmx.com\/nota\/wp-content\/uploads\/2014\/03\/DSC_02391.jpg\"><img loading=\"lazy\" decoding=\"async\" class=\"alignleft size-full wp-image-5924\" alt=\"DSC_0239\" src=\"https:\/\/radiowebmx.com\/nota\/wp-content\/uploads\/2014\/03\/DSC_02391.jpg\" width=\"591\" height=\"269\" \/><\/a>La Secretar\u00eda de Educaci\u00f3n a trav\u00e9s de la Subsecretar\u00eda de Educaci\u00f3n Media Superior y Superior, en coordinaci\u00f3n con la Universidad La Salle Morelia, el Grupo Empresarial R&amp;O y el Instituto de Seguridad y Servicios Sociales de los Trabajadores del Estado (ISSSTE), anunciaron el \u201cPrimer Congreso Internacional Ortod\u00f3ntico-Ortop\u00e9dico-Quir\u00fargico\u201d, para capacitar, informar y poner en la vanguardia los conocimientos de especialistas, estudiantes de postgrado y licenciatura encauzados hacia un mejor ejercicio de su pr\u00e1ctica profesional.<\/p>\n<p>La Universidad La Salle Morelia ser\u00e1 la sede para la realizaci\u00f3n del Congreso los d\u00edas 4 y 5 de abril del presente a\u00f1o, en donde participar\u00e1n 12 personalidades y l\u00edderes de opini\u00f3n en ortodoncia, odontopediatr\u00eda y cirug\u00eda maxilofacial, quienes son representantes de M\u00e9xico, Ecuador y Venezuela, con una proyecci\u00f3n de asistencia entre 200 a 500 personas.<\/p>\n<p>A nombre del gobernador Fausto Vallejo Figueroa y del secretario de Educaci\u00f3n, Jes\u00fas Sierra Arias, el subsecretario de Educaci\u00f3n Media Superior y Superior, \u00c1lvaro Estrada Maldonado, reafirm\u00f3 la visi\u00f3n y el compromiso de apoyar y trabajar en conjunto con instituciones p\u00fablicas y privadas para dar un servicio educativo de calidad, en Media Superior y Superior.<\/p>\n<p>As\u00ed mismo, asegur\u00f3 que este tipo de eventos muestran el trabajo educativo que se hace en el estado, tanto en instituciones p\u00fablicas como privadas, que mejoran y ayudan a reconstruir la imagen del estado por medio de un trabajo arduo que optimiza el crecimiento de la entidad.<\/p>\n<p>Eliezer Ocegueda Estrada, presidente y fundador de Grupo Empresarial R&amp;O, se\u00f1al\u00f3 que en Michoac\u00e1n es necesario que la poblaci\u00f3n cuente con especialistas de calidad, los suficientes para atender la demanda que exige la entidad, as\u00ed que\u00a0 \u201ccreemos \u00a0firmemente que la Universidad La Salle Morelia es un marco ideal por su alto compromiso en la calidad educativa que busca proporcionar a M\u00e9xico en lo general y a Michoac\u00e1n en lo particular, j\u00f3venes profesionistas l\u00edderes en todas sus \u00e1reas de formaci\u00f3n\u201d, dijo.<\/p>\n<p>De igual forma, el ISSSTE como instituci\u00f3n y el Hospital de Alta Especialidad de\u00a0 Morelia, representa un rubro del sector salud muy importante para nuestro pa\u00eds, esto debido a su compromiso de calidad en todos sus componentes organizacionales, posicion\u00e1ndose siempre a la vanguardia m\u00e9dica educativa.<\/p>\n<p>&nbsp;<\/p>\n<p>&nbsp;<\/p>\n<p>&nbsp;<\/p>\n<p>\u201cD\u00eda a d\u00eda nos enfrentamos a retos profesionales en diversas disciplinas y el \u00e1rea de estomatolog\u00eda-odontolog\u00eda no es la excepci\u00f3n y el creciente n\u00famero de especialistas en Michoac\u00e1n necesita y exige congresos de alta especializaci\u00f3n que les proporcionen herramientas necesarias y \u00fatiles para su desempe\u00f1o\u201d, \u00a0resalt\u00f3 Ocegueda Estrada.<\/p>\n<p>&nbsp;<\/p>\n","protected":false},"excerpt":{"rendered":"<p>La Secretar\u00eda de Educaci\u00f3n a trav\u00e9s de la Subsecretar\u00eda de Educaci\u00f3n Media Superior y Superior, en coordinaci\u00f3n con la Universidad La Salle Morelia, el Grupo Empresarial R&#038;O y el Instituto de Seguridad y Servicios Sociales de los Trabajadores del Estado (ISSSTE),  anunciaron el \u201cPrimer Congreso Internacional Ortod\u00f3ntico-Ortop\u00e9dico-Quir\u00fargico\u201d<\/p>\n","protected":false},"author":1,"featured_media":0,"comment_status":"open","ping_status":"open","sticky":false,"template":"","format":"standard","meta":{"footnotes":""},"categories":[14,3],"tags":[],"class_list":["post-5923","post","type-post","status-publish","format-standard","hentry","category-destacadas","category-gobierno-del-estado-de-michoacan"],"_links":{"self":[{"href":"https:\/\/radiowebmx.com\/nota\/wp-json\/wp\/v2\/posts\/5923","targetHints":{"allow":["GET"]}}],"collection":[{"href":"https:\/\/radiowebmx.com\/nota\/wp-json\/wp\/v2\/posts"}],"about":[{"href":"https:\/\/radiowebmx.com\/nota\/wp-json\/wp\/v2\/types\/post"}],"author":[{"embeddable":true,"href":"https:\/\/radiowebmx.com\/nota\/wp-json\/wp\/v2\/users\/1"}],"replies":[{"embeddable":true,"href":"https:\/\/radiowebmx.com\/nota\/wp-json\/wp\/v2\/comments?post=5923"}],"version-history":[{"count":1,"href":"https:\/\/radiowebmx.com\/nota\/wp-json\/wp\/v2\/posts\/5923\/revisions"}],"predecessor-version":[{"id":5925,"href":"https:\/\/radiowebmx.com\/nota\/wp-json\/wp\/v2\/posts\/5923\/revisions\/5925"}],"wp:attachment":[{"href":"https:\/\/radiowebmx.com\/nota\/wp-json\/wp\/v2\/media?parent=5923"}],"wp:term":[{"taxonomy":"category","embeddable":true,"href":"https:\/\/radiowebmx.com\/nota\/wp-json\/wp\/v2\/categories?post=5923"},{"taxonomy":"post_tag","embeddable":true,"href":"https:\/\/radiowebmx.com\/nota\/wp-json\/wp\/v2\/tags?post=5923"}],"curies":[{"name":"wp","href":"https:\/\/api.w.org\/{rel}","templated":true}]}}