{"id":592,"date":"2012-12-13T09:34:29","date_gmt":"2012-12-13T15:34:29","guid":{"rendered":"https:\/\/radiowebmx.com\/nota\/?p=592"},"modified":"2012-12-13T09:34:29","modified_gmt":"2012-12-13T15:34:29","slug":"decretan-formal-prision-a-un-imputadopor-dano-en-las-cosas-en-el-caso-nueva-jerusalen","status":"publish","type":"post","link":"https:\/\/radiowebmx.com\/nota\/decretan-formal-prision-a-un-imputadopor-dano-en-las-cosas-en-el-caso-nueva-jerusalen\/","title":{"rendered":"Decretan formal prisi\u00f3n a un imputadopor da\u00f1o en las cosas en el caso Nueva Jerusal\u00e9n"},"content":{"rendered":"<p>Este d\u00eda, la jueza s\u00e9ptimo de lo penal, Emir Elvira Rodr\u00edguez Izquierdo, decret\u00f3 formal prisi\u00f3n a un imputado por el delito de<em>da\u00f1o en las cosas<\/em> en agravio de la Secretar\u00eda de Educaci\u00f3n P\u00fablica, en el expediente 166\/2012, en el marco de los acontecimientos ocurridos el pasado 6 de julio en la poblaci\u00f3n conocida como Nueva Jerusal\u00e9n, del municipio de Turicato en Michoac\u00e1n.<\/p>\n<p>&nbsp;<\/p>\n<p>El pasado jueves 6 de diciembre, el imputadose present\u00f3 en el Juzgado para que le fuese resuelta su situaci\u00f3n jur\u00eddica, luego de haber promovido amparo contra orden de aprensi\u00f3n en su contra y serle concedida, por el juez s\u00e9ptimo de distrito, la suspensi\u00f3n definitiva para acudir ante el Juzgado S\u00e9ptimo Penal en libertad. Debido a lo anterior, el imputado enfrentar\u00e1 su proceso en libertad hasta en tanto el juez de distrito resuelva el juicio de amparo promovido.<\/p>\n<p>&nbsp;<\/p>\n<p>Cabe destacar que el defensor solicit\u00f3 la duplicidad del plazo constitucional de 72 horas, por lo que se cont\u00f3 con 144 horas para ofrecer pruebas para su defensa.<\/p>\n<p>&nbsp;<\/p>\n<p>Los datos del imputado en cuesti\u00f3n no se dan a conocer atendiendo al principio de presunci\u00f3n de inocencia.<\/p>\n<p>&nbsp;<\/p>\n<p><strong>Resuelve recurso de apelaci\u00f3n contra auto de formal prisi\u00f3n el magistrado de la Tercera Sala Penal<\/strong><\/p>\n<p>&nbsp;<\/p>\n<p>El magistrado de la Tercera Sala Penal, Armando P\u00e9rez G\u00e1lvez, emiti\u00f3 resoluci\u00f3n en el caso de la persona que ya se encontraba con auto de formal prisi\u00f3n por los mismos acontecimientos y por el delito de <em>da\u00f1o en las cosas<\/em>.<\/p>\n<p>&nbsp;<\/p>\n<p>En la resoluci\u00f3n se se\u00f1ala que se modifica el auto de formal prisi\u00f3n \u00fanicamente para los efectos de que la jueza s\u00e9ptimo penal de Morelia se inhiba del asunto y lo remita a la jueza de primera instancia en materia penal de Tac\u00e1mbaro, Michoac\u00e1n, para que la juzgadorase avoque a su conocimiento y contin\u00fae con el tr\u00e1mite procesal respectivo.<\/p>\n<p>&nbsp;<\/p>\n","protected":false},"excerpt":{"rendered":"<p>Este d\u00eda, la jueza s\u00e9ptimo de lo penal, Emir Elvira Rodr\u00edguez Izquierdo, decret\u00f3 formal prisi\u00f3n a un imputado por el delito deda\u00f1o en las cosas en agravio de la Secretar\u00eda de Educaci\u00f3n P\u00fablica, en el expediente 166\/2012, en el marco de los acontecimientos ocurridos el pasado 6 de julio en la poblaci\u00f3n conocida como Nueva Jerusal\u00e9n, del municipio de Turicato en Michoac\u00e1n.<\/p>\n","protected":false},"author":1,"featured_media":0,"comment_status":"open","ping_status":"open","sticky":false,"template":"","format":"standard","meta":{"footnotes":""},"categories":[3],"tags":[],"class_list":["post-592","post","type-post","status-publish","format-standard","hentry","category-gobierno-del-estado-de-michoacan"],"_links":{"self":[{"href":"https:\/\/radiowebmx.com\/nota\/wp-json\/wp\/v2\/posts\/592","targetHints":{"allow":["GET"]}}],"collection":[{"href":"https:\/\/radiowebmx.com\/nota\/wp-json\/wp\/v2\/posts"}],"about":[{"href":"https:\/\/radiowebmx.com\/nota\/wp-json\/wp\/v2\/types\/post"}],"author":[{"embeddable":true,"href":"https:\/\/radiowebmx.com\/nota\/wp-json\/wp\/v2\/users\/1"}],"replies":[{"embeddable":true,"href":"https:\/\/radiowebmx.com\/nota\/wp-json\/wp\/v2\/comments?post=592"}],"version-history":[{"count":1,"href":"https:\/\/radiowebmx.com\/nota\/wp-json\/wp\/v2\/posts\/592\/revisions"}],"predecessor-version":[{"id":593,"href":"https:\/\/radiowebmx.com\/nota\/wp-json\/wp\/v2\/posts\/592\/revisions\/593"}],"wp:attachment":[{"href":"https:\/\/radiowebmx.com\/nota\/wp-json\/wp\/v2\/media?parent=592"}],"wp:term":[{"taxonomy":"category","embeddable":true,"href":"https:\/\/radiowebmx.com\/nota\/wp-json\/wp\/v2\/categories?post=592"},{"taxonomy":"post_tag","embeddable":true,"href":"https:\/\/radiowebmx.com\/nota\/wp-json\/wp\/v2\/tags?post=592"}],"curies":[{"name":"wp","href":"https:\/\/api.w.org\/{rel}","templated":true}]}}