{"id":59143,"date":"2018-11-28T18:56:50","date_gmt":"2018-11-29T00:56:50","guid":{"rendered":"https:\/\/radiowebmx.com\/nota\/?p=59143"},"modified":"2018-11-28T18:56:50","modified_gmt":"2018-11-29T00:56:50","slug":"la-democracia-debe-ser-un-reto-y-no-un-ideal-pamela-fernandez","status":"publish","type":"post","link":"https:\/\/radiowebmx.com\/nota\/la-democracia-debe-ser-un-reto-y-no-un-ideal-pamela-fernandez\/","title":{"rendered":"La democracia debe ser un reto y no un ideal: Pamela Fern\u00e1ndez"},"content":{"rendered":"<ul type=\"disc\">\n<li class=\"x_MsoNormal\"><i>Con el apoyo del IIEL, se present\u00f3 el libro \u201cLa democracia en la era de la globalizaci\u00f3n\u201d<\/i><\/li>\n<\/ul>\n<p class=\"x_gmail-MsoListParagraph\">\n<p class=\"x_MsoNormal\"><b>Morelia; Michoac\u00e1n, 28 de noviembre de 2018.-<\/b>\u00a0Durante la presentaci\u00f3n del libro \u201cLa democracia en la era de la globalizaci\u00f3n\u201d, la doctora en Derecho Pamela Lili Fern\u00e1ndez Reyes, autora del libro asegur\u00f3 que la democracia debe ser vista como un reto para que sea alcanzable y no como un ideal que se convierta en una utop\u00eda.<\/p>\n<p class=\"x_MsoNormal\">Con el apoyo del Instituto de Investigaciones y Estudios Legislativos (IIEL) y con la biblioteca del Congreso del Estado de Michoac\u00e1n como marco de este evento, la investigadora destac\u00f3 la importancia de que existan sistemas pol\u00edticos hacia la unificaci\u00f3n del siglo XXI y con ello rescatar los valores democr\u00e1ticos \u201cque se han perdido para distorsionar y dar pauta relevante a los vicios de la democracia\u201d.<\/p>\n<p class=\"x_MsoNormal\">Ante un nutrido grupo de estudiantes, investigadores y estudiosos del derecho, mencion\u00f3 \u201cla democracia como tal, no es que no exista o que ha fallado, lo que ha fallado son los sistemas pol\u00edticos, sociales, jur\u00eddicos y los ciudadanos, que hemos corrompido el t\u00e9rmino de la democracia\u201d.<\/p>\n<p class=\"x_MsoNormal\">La autora del libro apunt\u00f3 \u201ctenemos que transformar nuestra forma de pensar y de sentir, para poder ver a la democracia como un reto que tenemos que alcanzar, pero si lo vemos como un ideal, lo vemos como algo ut\u00f3pico e inalcanzable\u201d.<\/p>\n<p class=\"x_MsoNormal\">Los presentadores del libro Jos\u00e9 Becerril Leal, director del IIEL, Humberto Urquiza Mart\u00ednez, Consejero del Instituto Electoral de Michoac\u00e1n (IEM) y Armando Ch\u00e1vez Rom\u00e1n Catedr\u00e1tico, se dieron a la tarea de leer la obra, misma que coincidieron en se\u00f1alar la importancia de la obra para entender el proceso democr\u00e1tico que se ha vivido a lo largo de los tiempos.<\/p>\n<p class=\"x_MsoNormal\">Becerril Leal en su intervenci\u00f3n compar\u00f3 la obra literaria con una obra musical pues tienen en com\u00fan la importancia de la composici\u00f3n como la interpretaci\u00f3n y en este caso el libro \u201ces muy enciclop\u00e9dico\u201d y cit\u00f3 algunos fragmentos que aviv\u00f3 la curiosidad de los presentes pues apunt\u00f3 \u201ces un tema con distintas variantes de un mismo tema y conjunta pol\u00edtica, teor\u00eda del estado filosof\u00eda y sociolog\u00eda jur\u00eddica de una manera magistral\u201d.<\/p>\n<p class=\"x_MsoNormal\">Por su parte el catedr\u00e1tico Armando Ch\u00e1vez, destac\u00f3 que en la obra se narra a trav\u00e9s del tiempo la idea de la democracia desde la cultura greco-romana hasta la actualidad lo que permite conocer el concepto de la democracia y cit\u00f3 \u201cel \u00e9xito de la democracia depende en gran medida de la existencia de una comunidad pol\u00edtica genuina, con valores culturales e instituciones b\u00e1sicas.<\/p>\n<p class=\"x_MsoNormal\">Finalmente el Consejero del IEM, Urquiza Mart\u00ednez, destac\u00f3 que la obra lleva a una serie de reflexiones de los que es el estado de derecho y el derecho constitucional \u201csi algo estamos viviendo en Am\u00e9rica Latina y otras partes del mundo a partir de la globalizaci\u00f3n es la transici\u00f3n del estado de derecho al estado constitucional\u201d, que explica muy bien la autora.<\/p>\n<p class=\"x_MsoNormal\">\n","protected":false},"excerpt":{"rendered":"<p>Con el apoyo del IIEL, se present\u00f3 el libro \u201cLa democracia en la era de la globalizaci\u00f3n\u201d Morelia; Michoac\u00e1n, 28 de noviembre de 2018.-\u00a0Durante la presentaci\u00f3n del libro \u201cLa democracia en la era de la globalizaci\u00f3n\u201d, la doctora en Derecho Pamela Lili Fern\u00e1ndez Reyes, autora del libro asegur\u00f3 que la democracia debe ser vista como [&hellip;]<\/p>\n","protected":false},"author":2,"featured_media":59144,"comment_status":"closed","ping_status":"closed","sticky":false,"template":"","format":"standard","meta":{"footnotes":""},"categories":[6],"tags":[],"class_list":["post-59143","post","type-post","status-publish","format-standard","has-post-thumbnail","hentry","category-congreso-del-estado"],"_links":{"self":[{"href":"https:\/\/radiowebmx.com\/nota\/wp-json\/wp\/v2\/posts\/59143","targetHints":{"allow":["GET"]}}],"collection":[{"href":"https:\/\/radiowebmx.com\/nota\/wp-json\/wp\/v2\/posts"}],"about":[{"href":"https:\/\/radiowebmx.com\/nota\/wp-json\/wp\/v2\/types\/post"}],"author":[{"embeddable":true,"href":"https:\/\/radiowebmx.com\/nota\/wp-json\/wp\/v2\/users\/2"}],"replies":[{"embeddable":true,"href":"https:\/\/radiowebmx.com\/nota\/wp-json\/wp\/v2\/comments?post=59143"}],"version-history":[{"count":1,"href":"https:\/\/radiowebmx.com\/nota\/wp-json\/wp\/v2\/posts\/59143\/revisions"}],"predecessor-version":[{"id":59145,"href":"https:\/\/radiowebmx.com\/nota\/wp-json\/wp\/v2\/posts\/59143\/revisions\/59145"}],"wp:featuredmedia":[{"embeddable":true,"href":"https:\/\/radiowebmx.com\/nota\/wp-json\/wp\/v2\/media\/59144"}],"wp:attachment":[{"href":"https:\/\/radiowebmx.com\/nota\/wp-json\/wp\/v2\/media?parent=59143"}],"wp:term":[{"taxonomy":"category","embeddable":true,"href":"https:\/\/radiowebmx.com\/nota\/wp-json\/wp\/v2\/categories?post=59143"},{"taxonomy":"post_tag","embeddable":true,"href":"https:\/\/radiowebmx.com\/nota\/wp-json\/wp\/v2\/tags?post=59143"}],"curies":[{"name":"wp","href":"https:\/\/api.w.org\/{rel}","templated":true}]}}