{"id":59137,"date":"2018-11-28T18:52:06","date_gmt":"2018-11-29T00:52:06","guid":{"rendered":"https:\/\/radiowebmx.com\/nota\/?p=59137"},"modified":"2018-11-28T18:52:06","modified_gmt":"2018-11-29T00:52:06","slug":"necesario-reforzar-la-cultura-de-la-inclusion-adriana-hernandez","status":"publish","type":"post","link":"https:\/\/radiowebmx.com\/nota\/necesario-reforzar-la-cultura-de-la-inclusion-adriana-hernandez\/","title":{"rendered":"Necesario reforzar la cultura de la inclusi\u00f3n: Adriana Hern\u00e1ndez"},"content":{"rendered":"<p class=\"x_gmail-MsoListParagraphCxSpFirst\">\u00b7\u00a0\u00a0\u00a0\u00a0\u00a0\u00a0\u00a0\u00a0\u00a0La legisladora dio a conocer que ya se tiene todo listo para la Caminata de la Discapacidad 2018<\/p>\n<p class=\"x_gmail-MsoListParagraphCxSpLast\">\u00b7\u00a0\u00a0\u00a0\u00a0\u00a0\u00a0\u00a0\u00a0\u00a0La cita es el pr\u00f3ximo domingo 2 de diciembre frente a Catedral<\/p>\n<p class=\"x_MsoNormal\"><b>Morelia, Mich., a 28 de noviembre de 2018.-<\/b>\u00a0Los ni\u00f1os con discapacidad tienen cuatro veces m\u00e1s posibilidades de ser v\u00edctimas de alg\u00fan tipo de violencia, de ah\u00ed la necesidad de reforzar los trabajos para el fomento de una cultura de la inclusi\u00f3n en todos los sectores con el fin de mejorar la calidad de vida de las personas con discapacidad, asegur\u00f3 la diputada Adriana Hern\u00e1ndez \u00cd\u00f1iguez.<\/p>\n<p class=\"x_MsoNormal\">Lo anterior, tras dar a conocer que ya se tiene todo listo para la Caminata de la Discapacidad 2018 el pr\u00f3ximo domingo 2 de diciembre frente a Catedral, la cual se realizar\u00e1 en el marco del D\u00eda Internacional de las Personas con Discapacidad que se conmemora cada 3 de diciembre.<\/p>\n<p class=\"x_MsoNormal\">Hern\u00e1ndez \u00cd\u00f1iguez detall\u00f3 que ser\u00e1 a partir de las 8:00 horas cuando se comiencen a entregar los kits de la Caminata, los cuales incluyen hidrataci\u00f3n y una playera. Ser\u00e1 en punto de las 9:00 horas cuando se d\u00e9 el banderazo de salida.<\/p>\n<p class=\"x_MsoNormal\">La diputada tricolor inform\u00f3 que el circuito arranca en Catedral y recorrer\u00e1 la Avenida Madero hasta el Jard\u00edn Morelos para regresar al punto de partida.<\/p>\n<p class=\"x_MsoNormal\">Cabe resaltar que esta es la tercera edici\u00f3n de la Caminata en la que participan personas de todas las edades e incluso se tiene el apoyo de diversas asociaciones, as\u00ed como del Consejo Estatal para Prevenir y Eliminar la Discriminaci\u00f3n y la Violencia.<\/p>\n<p class=\"x_MsoNormal\">Adriana Hern\u00e1ndez enfatiz\u00f3 que es necesario reforzar el tema de la inclusi\u00f3n, tomando en cuenta los casos de violencia y discriminaci\u00f3n a los que se exponen las personas con alguna discapacidad.<\/p>\n<p class=\"x_MsoNormal\">En ese sentido, record\u00f3 que este sector suele tener menos oportunidades econ\u00f3micas, peor acceso a la educaci\u00f3n y tasas de pobreza m\u00e1s altas.<\/p>\n<p class=\"x_MsoNormal\">Agreg\u00f3 que de acuerdo a cifras oficiales se calcula que hay alrededor de siete mil millones de personas con discapacidad en el mundo; mientras que a nivel nacional Michoac\u00e1n ocupa el sexto lugar en el pa\u00eds con mayor n\u00famero de personas con alguna discapacidad.<\/p>\n","protected":false},"excerpt":{"rendered":"<p>\u00b7\u00a0\u00a0\u00a0\u00a0\u00a0\u00a0\u00a0\u00a0\u00a0La legisladora dio a conocer que ya se tiene todo listo para la Caminata de la Discapacidad 2018 \u00b7\u00a0\u00a0\u00a0\u00a0\u00a0\u00a0\u00a0\u00a0\u00a0La cita es el pr\u00f3ximo domingo 2 de diciembre frente a Catedral Morelia, Mich., a 28 de noviembre de 2018.-\u00a0Los ni\u00f1os con discapacidad tienen cuatro veces m\u00e1s posibilidades de ser v\u00edctimas de alg\u00fan tipo de violencia, de [&hellip;]<\/p>\n","protected":false},"author":2,"featured_media":59138,"comment_status":"closed","ping_status":"closed","sticky":false,"template":"","format":"standard","meta":{"footnotes":""},"categories":[6],"tags":[],"class_list":["post-59137","post","type-post","status-publish","format-standard","has-post-thumbnail","hentry","category-congreso-del-estado"],"_links":{"self":[{"href":"https:\/\/radiowebmx.com\/nota\/wp-json\/wp\/v2\/posts\/59137","targetHints":{"allow":["GET"]}}],"collection":[{"href":"https:\/\/radiowebmx.com\/nota\/wp-json\/wp\/v2\/posts"}],"about":[{"href":"https:\/\/radiowebmx.com\/nota\/wp-json\/wp\/v2\/types\/post"}],"author":[{"embeddable":true,"href":"https:\/\/radiowebmx.com\/nota\/wp-json\/wp\/v2\/users\/2"}],"replies":[{"embeddable":true,"href":"https:\/\/radiowebmx.com\/nota\/wp-json\/wp\/v2\/comments?post=59137"}],"version-history":[{"count":1,"href":"https:\/\/radiowebmx.com\/nota\/wp-json\/wp\/v2\/posts\/59137\/revisions"}],"predecessor-version":[{"id":59139,"href":"https:\/\/radiowebmx.com\/nota\/wp-json\/wp\/v2\/posts\/59137\/revisions\/59139"}],"wp:featuredmedia":[{"embeddable":true,"href":"https:\/\/radiowebmx.com\/nota\/wp-json\/wp\/v2\/media\/59138"}],"wp:attachment":[{"href":"https:\/\/radiowebmx.com\/nota\/wp-json\/wp\/v2\/media?parent=59137"}],"wp:term":[{"taxonomy":"category","embeddable":true,"href":"https:\/\/radiowebmx.com\/nota\/wp-json\/wp\/v2\/categories?post=59137"},{"taxonomy":"post_tag","embeddable":true,"href":"https:\/\/radiowebmx.com\/nota\/wp-json\/wp\/v2\/tags?post=59137"}],"curies":[{"name":"wp","href":"https:\/\/api.w.org\/{rel}","templated":true}]}}