{"id":59133,"date":"2018-11-28T18:49:06","date_gmt":"2018-11-29T00:49:06","guid":{"rendered":"https:\/\/radiowebmx.com\/nota\/?p=59133"},"modified":"2018-11-28T18:49:06","modified_gmt":"2018-11-29T00:49:06","slug":"llama-hugo-anaya-a-trabajar-en-favor-de-equidad-de-genero","status":"publish","type":"post","link":"https:\/\/radiowebmx.com\/nota\/llama-hugo-anaya-a-trabajar-en-favor-de-equidad-de-genero\/","title":{"rendered":"Llama Hugo Anaya a trabajar en favor de equidad de g\u00e9nero"},"content":{"rendered":"<p class=\"x_gmail-msonospacing\"><b>Morelia; Michoac\u00e1n, 28 de noviembre de 2018.-<\/b>\u00a0El diputado Hugo Anaya \u00c1vila llam\u00f3 a los diversos sectores sociales a trabajar en favor de la equidad de g\u00e9nero, a fin de erradicar los diferentes tipos de violencia contra las mujeres.<\/p>\n<p class=\"x_gmail-msonospacing\">\n<p class=\"x_gmail-msonospacing\">El legislador del Grupo Parlamentario del Partido Acci\u00f3n Nacional (GPPAN) dijo lo anterior en el foro \u201cAgenda Estrat\u00e9gica Desde lo Local: Vivir Seguras\u201d, que realiz\u00f3 la LXXIV Legislatura y la Asociaci\u00f3n Civil &#8220;Mujer Poder&#8221;, en el marco de la conmemoraci\u00f3n del D\u00eda Internacional para la Erradicaci\u00f3n de la Violencia Contra las Mujeres.<\/p>\n<p class=\"x_gmail-msonospacing\">\n<p class=\"x_gmail-msonospacing\">En este foro, Anaya \u00c1vila reconoci\u00f3 el trabajo que en la materia han realizado las ponentes del Foro, Mar\u00eda Teresa Torres Aguilar y Lorena Cort\u00e9s Villase\u00f1or, \u00e9sta \u00faltima presidenta de la Asociaci\u00f3n Civil \u201cComunidad Segura\u201d.<\/p>\n<p class=\"x_gmail-msonospacing\">\n<p class=\"x_gmail-msonospacing\">El diputado por el Distrito I, con cabecera en La Piedad, se\u00f1al\u00f3 que es necesario que todos los michoacanos hagan conciencia sobre el grave fen\u00f3meno de la violencia contra las mujeres, al considerar que el 47 por ciento de las mujeres en M\u00e9xico ha sufrido violencia por parte de su pareja, y el 5 por ciento ha padecido este fen\u00f3meno en sus centros laborales.<\/p>\n<p class=\"x_gmail-msonospacing\">\n<p class=\"x_gmail-msonospacing\">\u201cTodos debemos tener en claro que como sociedad no podremos alcanzar un adecuado nivel de desarrollo, ni una mejora sustancial en nuestro tejido social, ni habr\u00e1 posibilidad de que la pobreza pase a la historia si no se mejora de forma significativa y r\u00e1pida la calidad de vida de las mujeres y las ni\u00f1as\u201d, apunt\u00f3.<\/p>\n<p class=\"x_gmail-msonospacing\">\n<p class=\"x_gmail-msonospacing\">Hugo Anaya explic\u00f3 que este foro sienta las bases para que en Michoac\u00e1n se puedan construir presupuestos sensibles a la realidad que viven las mujeres en Michoac\u00e1n.<\/p>\n<p class=\"x_gmail-msonospacing\">\n<p class=\"x_gmail-msonospacing\">\u201cEs tan importante trabajar a favor de la equidad de g\u00e9nero y es la responsabilidad de todos ocuparnos para que mujeres y hombres tengan las mismas oportunidades de llegar a cargos directivos y de gobierno\u201d, dijo.<\/p>\n<p class=\"x_gmail-msonospacing\">\n<p class=\"x_gmail-msonospacing\">Agreg\u00f3 que autoridades y ciudadanos tambi\u00e9n deben sensibilizarse para que hombres y mujeres compartan las mismas obligaciones en el cuidado de los hijos y las labores dom\u00e9sticas o familiares.<\/p>\n<p class=\"x_gmail-msonospacing\">\n<p class=\"x_gmail-msonospacing\">Cabe mencionar que en los paneles participaron Guadalupe P\u00e9rez Fraga, Luisa Estela Le\u00f3n Mar\u00edn, Luz Mar\u00eda Saavedra Hern\u00e1ndez, Adriana Mier y Ter\u00e1n, Jeannette Mart\u00ednez Mondrag\u00f3n y Laura Mart\u00ednez Ayala.<\/p>\n<p class=\"x_MsoNormal\">\n","protected":false},"excerpt":{"rendered":"<p>Morelia; Michoac\u00e1n, 28 de noviembre de 2018.-\u00a0El diputado Hugo Anaya \u00c1vila llam\u00f3 a los diversos sectores sociales a trabajar en favor de la equidad de g\u00e9nero, a fin de erradicar los diferentes tipos de violencia contra las mujeres. El legislador del Grupo Parlamentario del Partido Acci\u00f3n Nacional (GPPAN) dijo lo anterior en el foro \u201cAgenda [&hellip;]<\/p>\n","protected":false},"author":2,"featured_media":59135,"comment_status":"closed","ping_status":"closed","sticky":false,"template":"","format":"standard","meta":{"footnotes":""},"categories":[6],"tags":[],"class_list":["post-59133","post","type-post","status-publish","format-standard","has-post-thumbnail","hentry","category-congreso-del-estado"],"_links":{"self":[{"href":"https:\/\/radiowebmx.com\/nota\/wp-json\/wp\/v2\/posts\/59133","targetHints":{"allow":["GET"]}}],"collection":[{"href":"https:\/\/radiowebmx.com\/nota\/wp-json\/wp\/v2\/posts"}],"about":[{"href":"https:\/\/radiowebmx.com\/nota\/wp-json\/wp\/v2\/types\/post"}],"author":[{"embeddable":true,"href":"https:\/\/radiowebmx.com\/nota\/wp-json\/wp\/v2\/users\/2"}],"replies":[{"embeddable":true,"href":"https:\/\/radiowebmx.com\/nota\/wp-json\/wp\/v2\/comments?post=59133"}],"version-history":[{"count":1,"href":"https:\/\/radiowebmx.com\/nota\/wp-json\/wp\/v2\/posts\/59133\/revisions"}],"predecessor-version":[{"id":59136,"href":"https:\/\/radiowebmx.com\/nota\/wp-json\/wp\/v2\/posts\/59133\/revisions\/59136"}],"wp:featuredmedia":[{"embeddable":true,"href":"https:\/\/radiowebmx.com\/nota\/wp-json\/wp\/v2\/media\/59135"}],"wp:attachment":[{"href":"https:\/\/radiowebmx.com\/nota\/wp-json\/wp\/v2\/media?parent=59133"}],"wp:term":[{"taxonomy":"category","embeddable":true,"href":"https:\/\/radiowebmx.com\/nota\/wp-json\/wp\/v2\/categories?post=59133"},{"taxonomy":"post_tag","embeddable":true,"href":"https:\/\/radiowebmx.com\/nota\/wp-json\/wp\/v2\/tags?post=59133"}],"curies":[{"name":"wp","href":"https:\/\/api.w.org\/{rel}","templated":true}]}}