{"id":59130,"date":"2018-11-28T18:43:25","date_gmt":"2018-11-29T00:43:25","guid":{"rendered":"https:\/\/radiowebmx.com\/nota\/?p=59130"},"modified":"2018-11-28T18:43:25","modified_gmt":"2018-11-29T00:43:25","slug":"super-delegados-no-solo-violentan-federalismo-sirven-de-instrumento-de-presion-politica-para-estados-y-municipios-luis-manuel-antunez","status":"publish","type":"post","link":"https:\/\/radiowebmx.com\/nota\/super-delegados-no-solo-violentan-federalismo-sirven-de-instrumento-de-presion-politica-para-estados-y-municipios-luis-manuel-antunez\/","title":{"rendered":"S\u00faper delegados no s\u00f3lo violentan federalismo, sirven de instrumento de presi\u00f3n pol\u00edtica para estados y municipios: Luis Manuel Ant\u00fanez"},"content":{"rendered":"<div>Morelia, Michoac\u00e1n, a 27 de noviembre del 2018.- No se puede permitir que haya represi\u00f3n ni condicionamientos a las entidades federativas y municipios a trav\u00e9s de los s\u00faper delegados que implementar\u00e1 la nueva administraci\u00f3n federal, se\u00f1al\u00f3 el Delegado Nacional de Movimiento Ciudadano en Michoac\u00e1n, Luis Manuel Ant\u00fanez Oviedo.<\/div>\n<div><\/div>\n<div>Advirti\u00f3 que estas figuras no s\u00f3lo violentan el federalismo, sino que adem\u00e1s son instrumentos de car\u00e1cter pol\u00edtico que servir\u00e1n para fortalecer a trav\u00e9s de la coacci\u00f3n al proyecto que representa Morena.<\/div>\n<div><\/div>\n<div>Esto se ve de manera clara, dijo, aun cuando no toman posesi\u00f3n como nuevo gobierno de la rep\u00fablica, y ya comienzan a operar pol\u00edticamente condicionando el flujo de recursos federales de la pr\u00f3xima administraci\u00f3n, lo que perjudica de manera considerable la vida democr\u00e1tica del pa\u00eds, as\u00ed como tambi\u00e9n genera mecanismos de corrupci\u00f3n que tanto ha apuntado combatir\u00e1 el nuevo gobierno de la rep\u00fablica.<\/div>\n<div><\/div>\n<div>El Delegado Nacional de Movimiento Ciudadano en Michoac\u00e1n llam\u00f3 a poner a M\u00e9xico por encima de cualquier inter\u00e9s pol\u00edtico y partidario, para poder erradicar las viejas pr\u00e1cticas del sistema pol\u00edtico que tanto da\u00f1o ha provocado nuestra sociedad.<\/div>\n<div><\/div>\n<div>\u201cNo podemos permitir la represi\u00f3n disfrazada con los s\u00faper delegados, condicionando los recursos y programas federales\u201d, enfatiz\u00f3 Ant\u00fanez Oviedo, quien adem\u00e1s dijo que la nueva administraci\u00f3n debe poner los mecanismos apropiados para atender las necesidades de los estados.<\/div>\n<div><\/div>\n<div>Ante esto, pidi\u00f3 congruencia de la pr\u00f3xima administraci\u00f3n federal y que el hartazgo de la ciudadan\u00eda que les respald\u00f3 con su confianza en las urnas no sea traicionada para impulsar medidas que nos regresen al pasado.<\/div>\n<div><\/div>\n<div>\u201cUn claro ejemplo de estas viejas pr\u00e1cticas es como cuando Carlos Salinas invent\u00f3 el PRONASOL (Solidaridad), la cual que se equipara con lo que pretende AMLO con sus s\u00faper delegados\u201d, remarc\u00f3 el Delegado Nacional de Movimiento Ciudadano, quien adem\u00e1s dijo que estos elementos enmarcan que la tan mencionada Cuarta Transformaci\u00f3n s\u00f3lo reflejan un retroceso.<\/div>\n<div><\/div>\n<div>\u201cDesde Movimiento Ciudadano Michoac\u00e1n levantamos la voz y llamamos a la pr\u00f3xima administraci\u00f3n a que fortalezca a los estados y los municipios\u201d, generando mecanismos para descentralizar a las dependencias sin violentar el federalismo, concluy\u00f3.<\/div>\n","protected":false},"excerpt":{"rendered":"<p>Morelia, Michoac\u00e1n, a 27 de noviembre del 2018.- No se puede permitir que haya represi\u00f3n ni condicionamientos a las entidades federativas y municipios a trav\u00e9s de los s\u00faper delegados que implementar\u00e1 la nueva administraci\u00f3n federal, se\u00f1al\u00f3 el Delegado Nacional de Movimiento Ciudadano en Michoac\u00e1n, Luis Manuel Ant\u00fanez Oviedo. Advirti\u00f3 que estas figuras no s\u00f3lo violentan [&hellip;]<\/p>\n","protected":false},"author":2,"featured_media":59131,"comment_status":"closed","ping_status":"closed","sticky":false,"template":"","format":"standard","meta":{"footnotes":""},"categories":[6],"tags":[],"class_list":["post-59130","post","type-post","status-publish","format-standard","has-post-thumbnail","hentry","category-congreso-del-estado"],"_links":{"self":[{"href":"https:\/\/radiowebmx.com\/nota\/wp-json\/wp\/v2\/posts\/59130","targetHints":{"allow":["GET"]}}],"collection":[{"href":"https:\/\/radiowebmx.com\/nota\/wp-json\/wp\/v2\/posts"}],"about":[{"href":"https:\/\/radiowebmx.com\/nota\/wp-json\/wp\/v2\/types\/post"}],"author":[{"embeddable":true,"href":"https:\/\/radiowebmx.com\/nota\/wp-json\/wp\/v2\/users\/2"}],"replies":[{"embeddable":true,"href":"https:\/\/radiowebmx.com\/nota\/wp-json\/wp\/v2\/comments?post=59130"}],"version-history":[{"count":1,"href":"https:\/\/radiowebmx.com\/nota\/wp-json\/wp\/v2\/posts\/59130\/revisions"}],"predecessor-version":[{"id":59132,"href":"https:\/\/radiowebmx.com\/nota\/wp-json\/wp\/v2\/posts\/59130\/revisions\/59132"}],"wp:featuredmedia":[{"embeddable":true,"href":"https:\/\/radiowebmx.com\/nota\/wp-json\/wp\/v2\/media\/59131"}],"wp:attachment":[{"href":"https:\/\/radiowebmx.com\/nota\/wp-json\/wp\/v2\/media?parent=59130"}],"wp:term":[{"taxonomy":"category","embeddable":true,"href":"https:\/\/radiowebmx.com\/nota\/wp-json\/wp\/v2\/categories?post=59130"},{"taxonomy":"post_tag","embeddable":true,"href":"https:\/\/radiowebmx.com\/nota\/wp-json\/wp\/v2\/tags?post=59130"}],"curies":[{"name":"wp","href":"https:\/\/api.w.org\/{rel}","templated":true}]}}