{"id":59103,"date":"2018-11-27T18:26:10","date_gmt":"2018-11-28T00:26:10","guid":{"rendered":"https:\/\/radiowebmx.com\/nota\/?p=59103"},"modified":"2018-11-27T18:26:10","modified_gmt":"2018-11-28T00:26:10","slug":"irresponsable-provocar-una-ruptura-con-gobierno-de-la-republica-alfredo-ramirez","status":"publish","type":"post","link":"https:\/\/radiowebmx.com\/nota\/irresponsable-provocar-una-ruptura-con-gobierno-de-la-republica-alfredo-ramirez\/","title":{"rendered":"Irresponsable, provocar una ruptura con Gobierno de la Rep\u00fablica: Alfredo Ram\u00edrez"},"content":{"rendered":"<ul type=\"disc\">\n<li class=\"x_MsoNormal\"><i>Diputados de Morena convocan al Gobernador Silvano Aureoles a ponderar el dialogo y la construcci\u00f3n de acuerdos<\/i><\/li>\n<\/ul>\n<p class=\"x_MsoNormal\"><strong>\u00a0<\/strong><\/p>\n<p class=\"x_MsoNormal\"><b>Morelia; Michoac\u00e1n, 27 de noviembre de 2018.-<\/b>\u00a0La decisi\u00f3n unilateral del Ejecutivo de Michoac\u00e1n de regresar los servicios educativos al gobierno federal no s\u00f3lo pone en vilo la estabilidad de miles de estudiantes y maestros en la entidad, tambi\u00e9n podr\u00eda afectar a todos los michoacanos, ya que es sumamente irresponsable iniciar la relaci\u00f3n con el pr\u00f3ximo Presidente de la Rep\u00fablica rompiendo acuerdos, antes que buscar la construcci\u00f3n de consensos, advirti\u00f3 Alfredo Ram\u00edrez Bedolla, presidente de la Junta de Coordinaci\u00f3n Pol\u00edtica en el Congreso del Estado.<\/p>\n<p class=\"x_MsoNormal\">Ram\u00edrez Bedolla puntualiz\u00f3 que los diputados locales y federales de Morena reconocen que hay una crisis financiera en el sector educativo, raz\u00f3n por la que ya se encontraban creando condiciones en el Congreso de la Uni\u00f3n para que la n\u00f3mina de los docentes y trabajadores administrativos fuera absorbida por el Gobierno Federal, resultado de un gran acuerdo entre las partes involucradas.<\/p>\n<p class=\"x_MsoNormal\">Sin embargo, a\u00f1adi\u00f3, al fijar incluso un plazo de 30 d\u00edas para que se concrete el proceso de transferencia de los servicios educativos, el Gobernador Silvano Aureoles Conejo no da muestras de querer establecer una relaci\u00f3n de coordinaci\u00f3n con el Gobierno de la Republica, y se aleja de la ruta de conciliaci\u00f3n de objetivos en favor de todos los michoacanos.<\/p>\n<p class=\"x_MsoNormal\">El coordinador del Grupo Parlamentario de Morena en la LXXIV Legislatura, afirm\u00f3 que un estado como Michoac\u00e1n, que recibe m\u00e1s del 90% de sus ingresos de la federaci\u00f3n, no puede vivir un nuevo cap\u00edtulo de confrontaci\u00f3n con el Gobierno de la Rep\u00fablica a causa de una decisi\u00f3n arrebatada, o motivada por c\u00e1lculos pol\u00edticos; \u201clas michoacanas y michoacanos ya sufrimos las consecuencias de una relaci\u00f3n fallida entre un Presidente y un gobernador. No queremos m\u00e1s pleitos\u201d, recalc\u00f3.<\/p>\n<p class=\"x_MsoNormal\">Agreg\u00f3 que el titular del Ejecutivo no est\u00e1 midiendo que una ruptura con la federaci\u00f3n podr\u00eda generar una crisis social y pol\u00edtica para los michoacanos, \u201cpor ello los diputados de Morena reiteramos el llamado al Gobernador a no \u2018bajar la cortina\u2019 de la administraci\u00f3n estatal, y definir una agenda conjunta de trabajo para fortalecer las gestiones ante la federaci\u00f3n y ponderar el di\u00e1logo para construir un nuevo acuerdo pol\u00edtico, porque Michoac\u00e1n no puede quedar aislado del proyecto de naci\u00f3n\u201d.<\/p>\n","protected":false},"excerpt":{"rendered":"<p>Diputados de Morena convocan al Gobernador Silvano Aureoles a ponderar el dialogo y la construcci\u00f3n de acuerdos \u00a0 Morelia; Michoac\u00e1n, 27 de noviembre de 2018.-\u00a0La decisi\u00f3n unilateral del Ejecutivo de Michoac\u00e1n de regresar los servicios educativos al gobierno federal no s\u00f3lo pone en vilo la estabilidad de miles de estudiantes y maestros en la entidad, [&hellip;]<\/p>\n","protected":false},"author":2,"featured_media":59104,"comment_status":"closed","ping_status":"closed","sticky":false,"template":"","format":"standard","meta":{"footnotes":""},"categories":[6],"tags":[],"class_list":["post-59103","post","type-post","status-publish","format-standard","has-post-thumbnail","hentry","category-congreso-del-estado"],"_links":{"self":[{"href":"https:\/\/radiowebmx.com\/nota\/wp-json\/wp\/v2\/posts\/59103","targetHints":{"allow":["GET"]}}],"collection":[{"href":"https:\/\/radiowebmx.com\/nota\/wp-json\/wp\/v2\/posts"}],"about":[{"href":"https:\/\/radiowebmx.com\/nota\/wp-json\/wp\/v2\/types\/post"}],"author":[{"embeddable":true,"href":"https:\/\/radiowebmx.com\/nota\/wp-json\/wp\/v2\/users\/2"}],"replies":[{"embeddable":true,"href":"https:\/\/radiowebmx.com\/nota\/wp-json\/wp\/v2\/comments?post=59103"}],"version-history":[{"count":1,"href":"https:\/\/radiowebmx.com\/nota\/wp-json\/wp\/v2\/posts\/59103\/revisions"}],"predecessor-version":[{"id":59105,"href":"https:\/\/radiowebmx.com\/nota\/wp-json\/wp\/v2\/posts\/59103\/revisions\/59105"}],"wp:featuredmedia":[{"embeddable":true,"href":"https:\/\/radiowebmx.com\/nota\/wp-json\/wp\/v2\/media\/59104"}],"wp:attachment":[{"href":"https:\/\/radiowebmx.com\/nota\/wp-json\/wp\/v2\/media?parent=59103"}],"wp:term":[{"taxonomy":"category","embeddable":true,"href":"https:\/\/radiowebmx.com\/nota\/wp-json\/wp\/v2\/categories?post=59103"},{"taxonomy":"post_tag","embeddable":true,"href":"https:\/\/radiowebmx.com\/nota\/wp-json\/wp\/v2\/tags?post=59103"}],"curies":[{"name":"wp","href":"https:\/\/api.w.org\/{rel}","templated":true}]}}