{"id":58929,"date":"2018-11-21T19:43:39","date_gmt":"2018-11-22T01:43:39","guid":{"rendered":"https:\/\/radiowebmx.com\/nota\/?p=58929"},"modified":"2018-11-21T19:43:39","modified_gmt":"2018-11-22T01:43:39","slug":"trabajan-diputados-en-anteproyecto-de-convocatoria-para-titular-de-asm","status":"publish","type":"post","link":"https:\/\/radiowebmx.com\/nota\/trabajan-diputados-en-anteproyecto-de-convocatoria-para-titular-de-asm\/","title":{"rendered":"Trabajan diputados en anteproyecto de convocatoria para titular de ASM"},"content":{"rendered":"<p class=\"x_MsoNormal\">\u00b7\u00a0\u00a0\u00a0\u00a0\u00a0\u00a0\u00a0\u00a0\u00a0<i>Trabajan diputados en anteproyecto de convocatoria para titular de ASM<\/i><\/p>\n<p class=\"x_MsoNormal\"><b>Morelia; Michoac\u00e1n, 21 de noviembre de 2018.-<\/b>\u00a0En reuni\u00f3n de\u00a0 la Comisi\u00f3n Inspectora de la Auditor\u00eda Superior de Michoac\u00e1n, diputados locales trabajaron un anteproyecto de Convocatoria para el nombramiento del Auditor Superior de Michoac\u00e1n.<\/p>\n<p class=\"x_MsoNormal\">\n<p class=\"x_MsoNormal\">Lo anterior, en raz\u00f3n de que el pr\u00f3ximo 8 de diciembre,\u00a0vence el mandato del actual Auditor,\u00a0por lo que esperan tener esta misma semana un proyecto que integre todas las propuestas de los grupos\u00a0parlamentarios.<\/p>\n<p class=\"x_MsoNormal\">\n<p class=\"x_MsoNormal\">Al respecto, el presidente de la Comisi\u00f3n, Marco Polo Aguirre Ch\u00e1vez, consider\u00f3 indispensable trabajar por un nuevo \u00f3rgano fiscalizador, que tenga la capacidad de dar resultados m\u00e1s efectivos y transparentes.<\/p>\n<p class=\"x_MsoNormal\">\n<p class=\"x_MsoNormal\">En tanto, la diputada Cristina Portillo Ayala, expuso que la autonom\u00eda de la Auditor\u00eda Superior de Michoac\u00e1n, debe ser un tema que se analice a la brevedad, puesto que\u00a0es una tendencia nacional el dotar de independencia a estas instituciones tan importantes para el sano desempe\u00f1o de las finanzas p\u00fablicas.<\/p>\n<p class=\"x_MsoNormal\">\n<p class=\"x_MsoNormal\">De la misma forma, el diputado Baltazar Gaona Garc\u00eda, destac\u00f3 que es una demanda ciudadana la autonom\u00eda de la Auditor\u00eda, por lo que pidi\u00f3 que se ponga sobre la mesa y a la brevedad, una propuesta legal para la consideraci\u00f3n de \u00e9sta.<\/p>\n<p class=\"x_MsoNormal\">\n<p class=\"x_MsoNormal\">Por su parte el diputado Javier Estrada C\u00e1rdenas reconoci\u00f3 que existe\u00a0voluntad por parte de todos los grupos parlamentarios para el debate de este tema, por lo que ser\u00eda importante que no s\u00f3lo se tomara en cuenta la opini\u00f3n de los l\u00edderes parlamentarios, sino que se aprobara con el consenso de los 40 legisladores locales.<\/p>\n<p class=\"x_MsoNormal\">\n<p class=\"x_MsoNormal\">Finalmente, Miriam Tinoco Soto, enfatiz\u00f3 la importancia de darle continuidad y fortalecer el trabajo de la mesa t\u00e9cnica, por lo que se espera que en las pr\u00f3ximas horas, se concreten los acuerdos legales para someter a la consideraci\u00f3n del Pleno de este Poder, una propuesta final para la convocatoria del nuevo auditor.<\/p>\n","protected":false},"excerpt":{"rendered":"<p>\u00b7\u00a0\u00a0\u00a0\u00a0\u00a0\u00a0\u00a0\u00a0\u00a0Trabajan diputados en anteproyecto de convocatoria para titular de ASM Morelia; Michoac\u00e1n, 21 de noviembre de 2018.-\u00a0En reuni\u00f3n de\u00a0 la Comisi\u00f3n Inspectora de la Auditor\u00eda Superior de Michoac\u00e1n, diputados locales trabajaron un anteproyecto de Convocatoria para el nombramiento del Auditor Superior de Michoac\u00e1n. Lo anterior, en raz\u00f3n de que el pr\u00f3ximo 8 de diciembre,\u00a0vence el [&hellip;]<\/p>\n","protected":false},"author":2,"featured_media":58930,"comment_status":"closed","ping_status":"closed","sticky":false,"template":"","format":"standard","meta":{"footnotes":""},"categories":[6],"tags":[],"class_list":["post-58929","post","type-post","status-publish","format-standard","has-post-thumbnail","hentry","category-congreso-del-estado"],"_links":{"self":[{"href":"https:\/\/radiowebmx.com\/nota\/wp-json\/wp\/v2\/posts\/58929","targetHints":{"allow":["GET"]}}],"collection":[{"href":"https:\/\/radiowebmx.com\/nota\/wp-json\/wp\/v2\/posts"}],"about":[{"href":"https:\/\/radiowebmx.com\/nota\/wp-json\/wp\/v2\/types\/post"}],"author":[{"embeddable":true,"href":"https:\/\/radiowebmx.com\/nota\/wp-json\/wp\/v2\/users\/2"}],"replies":[{"embeddable":true,"href":"https:\/\/radiowebmx.com\/nota\/wp-json\/wp\/v2\/comments?post=58929"}],"version-history":[{"count":1,"href":"https:\/\/radiowebmx.com\/nota\/wp-json\/wp\/v2\/posts\/58929\/revisions"}],"predecessor-version":[{"id":58931,"href":"https:\/\/radiowebmx.com\/nota\/wp-json\/wp\/v2\/posts\/58929\/revisions\/58931"}],"wp:featuredmedia":[{"embeddable":true,"href":"https:\/\/radiowebmx.com\/nota\/wp-json\/wp\/v2\/media\/58930"}],"wp:attachment":[{"href":"https:\/\/radiowebmx.com\/nota\/wp-json\/wp\/v2\/media?parent=58929"}],"wp:term":[{"taxonomy":"category","embeddable":true,"href":"https:\/\/radiowebmx.com\/nota\/wp-json\/wp\/v2\/categories?post=58929"},{"taxonomy":"post_tag","embeddable":true,"href":"https:\/\/radiowebmx.com\/nota\/wp-json\/wp\/v2\/tags?post=58929"}],"curies":[{"name":"wp","href":"https:\/\/api.w.org\/{rel}","templated":true}]}}