{"id":58921,"date":"2018-11-21T13:47:57","date_gmt":"2018-11-21T19:47:57","guid":{"rendered":"https:\/\/radiowebmx.com\/nota\/?p=58921"},"modified":"2018-11-21T13:47:57","modified_gmt":"2018-11-21T19:47:57","slug":"en-presupuesto-estatal-no-se-priorizaran-ficciones-sino-necesidades-reales-norberto-martinez","status":"publish","type":"post","link":"https:\/\/radiowebmx.com\/nota\/en-presupuesto-estatal-no-se-priorizaran-ficciones-sino-necesidades-reales-norberto-martinez\/","title":{"rendered":"En Presupuesto Estatal no se priorizar\u00e1n ficciones sino necesidades reales: Norberto Mart\u00ednez"},"content":{"rendered":"<p class=\"x_MsoNormal\">-Existen rubros de gasto que no pueden sufrir reducciones, al estar asociados con f\u00f3rmulas de distribuci\u00f3n determinadas por Ley<\/p>\n<p class=\"x_MsoNormal\">\n<p class=\"x_MsoNormal\">En el an\u00e1lisis y discusi\u00f3n del paquete econ\u00f3mico estatal 2019, no se priorizar\u00e1n ficciones sino las necesidades reales de las y los michoacanos, subray\u00f3 el diputado Norberto Antonio Mart\u00ednez Soto, presidente de la Comisi\u00f3n de Programaci\u00f3n, Presupuesto y Cuenta P\u00fablica de la LXXIV Legislatura del Congreso del Estado.<\/p>\n<p class=\"x_MsoNormal\">\n<p class=\"x_MsoNormal\">\u00a0\u00a0\u00a0\u00a0\u00a0\u00a0\u00a0\u00a0\u00a0\u00a0\u00a0\u00a0\u00a0\u00a0\u00a0 El legislador de extracci\u00f3n perredista se\u00f1al\u00f3 que la iniciativa de Presupuesto de Egresos presentada por el Ejecutivo del Estado es austera y realista, acorde a la disponibilidad econ\u00f3mica de la entidad para hacer frente de manera responsable a los compromisos de la administraci\u00f3n p\u00fablica y atender las pol\u00edticas y programas tendientes a fortalecer el desarrollo de Michoac\u00e1n.<\/p>\n<p class=\"x_MsoNormal\">\n<p class=\"x_MsoNormal\">\u00a0\u00a0\u00a0\u00a0\u00a0\u00a0\u00a0\u00a0\u00a0\u00a0\u00a0\u00a0\u00a0\u00a0\u00a0 Apunt\u00f3 que si bien los 67 mil 191.5 millones de pesos que prev\u00e9 el presupuesto total de egresos para el pr\u00f3ximo a\u00f1o s\u00f3lo representan un incremento del 2.4 por ciento respecto al que se aprob\u00f3 este a\u00f1o, con \u00e9l se contin\u00faa con una tendencia positiva de desarrollo econ\u00f3mico, garantizando la estabilidad en las finanzas p\u00fablicas, y permitiendo la toma de decisiones para preservar la estabilidad social y econ\u00f3mica que Michoac\u00e1n necesita.<\/p>\n<p class=\"x_MsoNormal\">\n<p class=\"x_MsoNormal\">\u00a0\u00a0\u00a0\u00a0\u00a0\u00a0\u00a0\u00a0\u00a0\u00a0\u00a0\u00a0\u00a0\u00a0\u00a0 \u201cPara garantizar la continuidad en la sanidad de las finanzas, como Congreso no podemos apostar por ficciones o experimentos presupuestales, por lo que tanto en las comisiones dictaminadoras como en el propio Pleno debe existir plena claridad que existen rubros de gasto que no pueden sufrir reducciones, al estar asociados con f\u00f3rmulas de distribuci\u00f3n determinadas por Ley\u201d.<\/p>\n<p class=\"x_MsoNormal\">\n<p class=\"x_MsoNormal\">Tony Mart\u00ednez Soto se\u00f1al\u00f3 que existen rubros no contemplados en la iniciativa presupuestal como unidades program\u00e1ticas presupuestarias y que tocar\u00e1 al Congreso su revisi\u00f3n, como es el caso de la Auditor\u00eda Superior de Michoac\u00e1n que se pretende dotar de autonom\u00eda presupuestaria sustrayendo la porci\u00f3n presupuestal que le corresponde del total destinado al Poder Legislativo.<\/p>\n<p class=\"x_MsoNormal\">\n<p class=\"x_MsoNormal\">\u00a0\u00a0\u00a0\u00a0\u00a0\u00a0\u00a0\u00a0\u00a0\u00a0\u00a0\u00a0\u00a0\u00a0\u00a0 Destac\u00f3 los incrementos en \u00e1reas prioritarias como la educaci\u00f3n, la seguridad p\u00fablica, la salud, el desarrollo econ\u00f3mico, y el turismo, entre otros, y refiri\u00f3 que en caso de ser necesario se procurar\u00e1n reuniones con titulares de las diferentes \u00e1reas de gobierno para tener claridad sobre el alcance y la importancia de los programas que se aplican para garantizar su suficiencia presupuestal.<\/p>\n<p class=\"x_MsoNormal\">\n<p class=\"x_MsoNormal\">\u00a0\u00a0\u00a0\u00a0\u00a0\u00a0\u00a0\u00a0\u00a0\u00a0\u00a0\u00a0\u00a0\u00a0\u00a0 \u201cPodremos especial \u00e9nfasis para que la administraci\u00f3n p\u00fablica estatal contin\u00fae con los esfuerzos para la optimizaci\u00f3n de recursos, uno de ellos a trav\u00e9s de la reducci\u00f3n de contratos eventuales, pero sin descuidar la viabilidad en la operatividad de las instituciones\u201d.<\/p>\n","protected":false},"excerpt":{"rendered":"<p>-Existen rubros de gasto que no pueden sufrir reducciones, al estar asociados con f\u00f3rmulas de distribuci\u00f3n determinadas por Ley En el an\u00e1lisis y discusi\u00f3n del paquete econ\u00f3mico estatal 2019, no se priorizar\u00e1n ficciones sino las necesidades reales de las y los michoacanos, subray\u00f3 el diputado Norberto Antonio Mart\u00ednez Soto, presidente de la Comisi\u00f3n de Programaci\u00f3n, [&hellip;]<\/p>\n","protected":false},"author":2,"featured_media":58922,"comment_status":"closed","ping_status":"closed","sticky":false,"template":"","format":"standard","meta":{"footnotes":""},"categories":[6,19],"tags":[],"class_list":["post-58921","post","type-post","status-publish","format-standard","has-post-thumbnail","hentry","category-congreso-del-estado","category-grupo-parlamentario-del-prd"],"_links":{"self":[{"href":"https:\/\/radiowebmx.com\/nota\/wp-json\/wp\/v2\/posts\/58921","targetHints":{"allow":["GET"]}}],"collection":[{"href":"https:\/\/radiowebmx.com\/nota\/wp-json\/wp\/v2\/posts"}],"about":[{"href":"https:\/\/radiowebmx.com\/nota\/wp-json\/wp\/v2\/types\/post"}],"author":[{"embeddable":true,"href":"https:\/\/radiowebmx.com\/nota\/wp-json\/wp\/v2\/users\/2"}],"replies":[{"embeddable":true,"href":"https:\/\/radiowebmx.com\/nota\/wp-json\/wp\/v2\/comments?post=58921"}],"version-history":[{"count":1,"href":"https:\/\/radiowebmx.com\/nota\/wp-json\/wp\/v2\/posts\/58921\/revisions"}],"predecessor-version":[{"id":58923,"href":"https:\/\/radiowebmx.com\/nota\/wp-json\/wp\/v2\/posts\/58921\/revisions\/58923"}],"wp:featuredmedia":[{"embeddable":true,"href":"https:\/\/radiowebmx.com\/nota\/wp-json\/wp\/v2\/media\/58922"}],"wp:attachment":[{"href":"https:\/\/radiowebmx.com\/nota\/wp-json\/wp\/v2\/media?parent=58921"}],"wp:term":[{"taxonomy":"category","embeddable":true,"href":"https:\/\/radiowebmx.com\/nota\/wp-json\/wp\/v2\/categories?post=58921"},{"taxonomy":"post_tag","embeddable":true,"href":"https:\/\/radiowebmx.com\/nota\/wp-json\/wp\/v2\/tags?post=58921"}],"curies":[{"name":"wp","href":"https:\/\/api.w.org\/{rel}","templated":true}]}}