{"id":58726,"date":"2018-11-13T12:40:48","date_gmt":"2018-11-13T18:40:48","guid":{"rendered":"https:\/\/radiowebmx.com\/nota\/?p=58726"},"modified":"2018-11-13T12:40:48","modified_gmt":"2018-11-13T18:40:48","slug":"en-michoacan-victimas-van-a-la-baja-pero-aun-hay-que-caminar-a-una-cultura-de-paz-humberto-gonzalez","status":"publish","type":"post","link":"https:\/\/radiowebmx.com\/nota\/en-michoacan-victimas-van-a-la-baja-pero-aun-hay-que-caminar-a-una-cultura-de-paz-humberto-gonzalez\/","title":{"rendered":"En Michoac\u00e1n v\u00edctimas van a la baja, pero a\u00fan hay que caminar a una cultura de paz: Humberto Gonz\u00e1lez"},"content":{"rendered":"<ul type=\"disc\">\n<li class=\"x_MsoNormal\"><i>Michoac\u00e1n va por el camino correcto en su estrategia para combatir la delincuencia\u00a0<\/i><\/li>\n<\/ul>\n<p class=\"x_MsoNormal\"><b>Morelia; Michoac\u00e1n, 12 de noviembre de 2018.-<\/b>\u00a0En Michoac\u00e1n a\u00fan y cuando la estad\u00edstica muestra que el n\u00famero de v\u00edctimas por actos delictivos va a la baja, a\u00fan hay que caminar hacia la construcci\u00f3n de una cultura de paz en la que todos estemos involucrados, se\u00f1al\u00f3 el diputado Humberto Gonz\u00e1lez Villag\u00f3mez, presidente de la Comisi\u00f3n de Seguridad P\u00fablica y Protecci\u00f3n Civil de la LXXIV Legislatura del Congreso del Estado.<\/p>\n<p class=\"x_MsoNormal\">\n<p class=\"x_MsoNormal\">El legislador de extracci\u00f3n perredista mencion\u00f3 que la violencia en Michoac\u00e1n ha dejado huellas profundas entre la poblaci\u00f3n, por lo que se hace necesario instrumentar acciones y una pol\u00edtica p\u00fablica encaminada a la consolidaci\u00f3n de una cultura de paz basada en el pleno respeto de los derechos de las y los michoacanos.<\/p>\n<p class=\"x_MsoNormal\">\n<p class=\"x_MsoNormal\">\u201cEs importante observar que el n\u00famero de v\u00edctimas por hechos delincuenciales viene a la baja en Michoac\u00e1n, tanto que entre 2016 y 2017 decreci\u00f3 en siete puntos porcentuales, pero esto s\u00f3lo es el inicio ya que a\u00fan falta camino por recorrer para generar niveles de tranquilidad, certeza y sana convivencia entre las y los michoacanos\u201d.<\/p>\n<p class=\"x_MsoNormal\">\n<p class=\"x_MsoNormal\">El diputado local por el Distrito de Puru\u00e1ndiro dijo que mientras en 2016 hubo en Michoac\u00e1n 21 mil 263 v\u00edctimas por actos delictivos, para el 2017 fueron 19 mil 785, y en este 2018 se espera que la tendencia permanezca a la baja.<\/p>\n<p class=\"x_MsoNormal\">\n<p class=\"x_MsoNormal\">El tambi\u00e9n vicecoordinador del Grupo Parlamentario del PRD en la LXXIV Legislatura Local sostuvo \u201csi tomamos en cuenta datos del 2017 que muestran que en Guanajuato hubo 27 mil 859 v\u00edctimas, en el Estado de M\u00e9xico 46 mil 705, en la Ciudad de M\u00e9xico 43 mil 69, en Quer\u00e9taro 28 mil 229, en Morelos 31 mil 842, y en Tabasco 33 mil 589 por mencionar algunos, vemos que Michoac\u00e1n va por el camino correcto en su estrategia para combatir la delincuencia\u201d.<\/p>\n<p class=\"x_MsoNormal\">\n<p class=\"x_MsoNormal\">Refiri\u00f3 que Michoac\u00e1n ocupa el s\u00e9ptimo lugar nacional entre las entidades con menor n\u00famero de v\u00edctimas por hechos delictivos, lo que a pese a ser un indicador positivo a\u00fan es insuficiente.<\/p>\n<p class=\"x_MsoNormal\">\n<p class=\"x_MsoNormal\">El diputado integrante del Grupo Parlamentario del PRD subray\u00f3 que dar pie a una cultura de paz precisa la participaci\u00f3n de todos, por lo que en el caso de los legisladores su responsabilidad es dar pie a una legislaci\u00f3n fortalecida no s\u00f3lo en materia de impartici\u00f3n, sino tambi\u00e9n de procuraci\u00f3n de justicia lo que vendr\u00e1 a darse con la Ley Org\u00e1nica de la Fiscal\u00eda General del Estado desde donde deber\u00e1 emanar una actuaci\u00f3n que genere certeza sobre dicha instituci\u00f3n entre las y los michoacanos.<\/p>\n","protected":false},"excerpt":{"rendered":"<p>Michoac\u00e1n va por el camino correcto en su estrategia para combatir la delincuencia\u00a0 Morelia; Michoac\u00e1n, 12 de noviembre de 2018.-\u00a0En Michoac\u00e1n a\u00fan y cuando la estad\u00edstica muestra que el n\u00famero de v\u00edctimas por actos delictivos va a la baja, a\u00fan hay que caminar hacia la construcci\u00f3n de una cultura de paz en la que todos [&hellip;]<\/p>\n","protected":false},"author":2,"featured_media":58727,"comment_status":"closed","ping_status":"closed","sticky":false,"template":"","format":"standard","meta":{"footnotes":""},"categories":[6,19],"tags":[],"class_list":["post-58726","post","type-post","status-publish","format-standard","has-post-thumbnail","hentry","category-congreso-del-estado","category-grupo-parlamentario-del-prd"],"_links":{"self":[{"href":"https:\/\/radiowebmx.com\/nota\/wp-json\/wp\/v2\/posts\/58726","targetHints":{"allow":["GET"]}}],"collection":[{"href":"https:\/\/radiowebmx.com\/nota\/wp-json\/wp\/v2\/posts"}],"about":[{"href":"https:\/\/radiowebmx.com\/nota\/wp-json\/wp\/v2\/types\/post"}],"author":[{"embeddable":true,"href":"https:\/\/radiowebmx.com\/nota\/wp-json\/wp\/v2\/users\/2"}],"replies":[{"embeddable":true,"href":"https:\/\/radiowebmx.com\/nota\/wp-json\/wp\/v2\/comments?post=58726"}],"version-history":[{"count":1,"href":"https:\/\/radiowebmx.com\/nota\/wp-json\/wp\/v2\/posts\/58726\/revisions"}],"predecessor-version":[{"id":58728,"href":"https:\/\/radiowebmx.com\/nota\/wp-json\/wp\/v2\/posts\/58726\/revisions\/58728"}],"wp:featuredmedia":[{"embeddable":true,"href":"https:\/\/radiowebmx.com\/nota\/wp-json\/wp\/v2\/media\/58727"}],"wp:attachment":[{"href":"https:\/\/radiowebmx.com\/nota\/wp-json\/wp\/v2\/media?parent=58726"}],"wp:term":[{"taxonomy":"category","embeddable":true,"href":"https:\/\/radiowebmx.com\/nota\/wp-json\/wp\/v2\/categories?post=58726"},{"taxonomy":"post_tag","embeddable":true,"href":"https:\/\/radiowebmx.com\/nota\/wp-json\/wp\/v2\/tags?post=58726"}],"curies":[{"name":"wp","href":"https:\/\/api.w.org\/{rel}","templated":true}]}}