{"id":5872,"date":"2014-03-06T11:59:51","date_gmt":"2014-03-06T17:59:51","guid":{"rendered":"https:\/\/radiowebmx.com\/nota\/?p=5872"},"modified":"2014-03-06T12:00:29","modified_gmt":"2014-03-06T18:00:29","slug":"el-primer-supremo-tribunal-de-justicia-de-la-nacion-en-ario-de-rosales-fuente-de-inspiracion-de-la-cotidiana-labor-de-la-judicatura-federal-y-estatal","status":"publish","type":"post","link":"https:\/\/radiowebmx.com\/nota\/el-primer-supremo-tribunal-de-justicia-de-la-nacion-en-ario-de-rosales-fuente-de-inspiracion-de-la-cotidiana-labor-de-la-judicatura-federal-y-estatal\/","title":{"rendered":"El Primer Supremo Tribunal de Justicia de la Naci\u00f3n en Ario de Rosales, fuente de inspiraci\u00f3n de la cotidiana labor de la judicatura federal y estatal"},"content":{"rendered":"<p><a href=\"https:\/\/radiowebmx.com\/nota\/wp-content\/uploads\/2014\/03\/2.jpg\"><img loading=\"lazy\" decoding=\"async\" class=\"alignleft size-full wp-image-5873\" alt=\"2\" src=\"https:\/\/radiowebmx.com\/nota\/wp-content\/uploads\/2014\/03\/2.jpg\" width=\"591\" height=\"263\" \/><\/a>Con motivo del 199 aniversario de la instalaci\u00f3n del primer Supremo Tribunal de Justicia de la Naci\u00f3n, el Poder Judicial de Michoac\u00e1n organiz\u00f3 de manera conjunta con la Suprema Corte de Justicia de la Naci\u00f3n, un ciclo de conferencias para socializar el ideario de Jos\u00e9 Mar\u00eda Morelos en torno a la impartici\u00f3n y administraci\u00f3n de justicia y el ejemplo de aquel Tribunal, como fuente de inspiraci\u00f3n de la cotidiana labor de la judicatura federal y estatal.<\/p>\n<p>&nbsp;<\/p>\n<p>Durante la inauguraci\u00f3n, Gilberto Alejandro Bribiesca V\u00e1zquez, presidente sustituto del Supremo Tribunal de Justicia del Estado, dio una bienvenida a nombre del magistrado presidente Juan Antonio Maga\u00f1a de la Mora. En presencia de Victorino Rojas Rivera, integrante del Primer Tribunal Colegiado en Materia Administrativa y del Trabajo, y coordinador de magistrados de D\u00e9cimo Primer Circuito; y el primer conferencista, \u00d3scar Cruz Barney, Investigador Titular del Instituto de Investigaciones Jur\u00eddicas de la UNAM; Bribiesca V\u00e1zquez coment\u00f3 que es un privilegio contar con la presencia de tan brillante acad\u00e9mico y compartir estos trabajos con el Poder Judicial de la Federaci\u00f3n, con motivo del 199 aniversario del Primer Tribunal de la Am\u00e9rica Mexicana, que se celebra el pr\u00f3ximo 7 de marzo.<\/p>\n<p>&nbsp;<\/p>\n<p>M\u00e1s de 250 personas, entre magistrados estatales y federales, jueces, profesores y alumnos de derecho, y p\u00fablico en general, participaron de la conferencia <i>Abogac\u00eda y administraci\u00f3n de la justicia: de la Nueva Espa\u00f1a al M\u00e9xico Independiente<\/i>, a cargo de Cruz Barnet. Y el d\u00eda de ma\u00f1ana concluye el ciclo con la participaci\u00f3n de Juan Garc\u00eda Orozco, magistrado del Primer Tribunal Colegiado en Materia Administrativa y del Trabajo del D\u00e9cimo Primer Circuito en Moreli, con el tema <i>\u00bfC\u00f3mo juzg\u00f3 y con qu\u00e9 juzg\u00f3 el Tribunal de Ario de 1815?.<\/i><\/p>\n<p>&nbsp;<\/p>\n<p><b>El Primer Supremo Tribunal de la Justicia de la Naci\u00f3n <\/b><\/p>\n<p><b>\u00a0<\/b><\/p>\n<p>El 199 aniversario del Tribunal de Ario destaca un hecho hist\u00f3rico que ha trascendido hasta estos d\u00edas, recordado por los mexicanos y, de manera especial, por quienes integran la judicatura estatal y federal; adem\u00e1s, se enmarca en el devenir de la impartici\u00f3n y administraci\u00f3n de justicia en M\u00e9xico.<i><\/i><\/p>\n<p><i>\u00a0<\/i><\/p>\n<p>A casi dos centurias del establecimiento de ese tribunal, tambi\u00e9n se conmemora la visi\u00f3n de Jos\u00e9 Mar\u00eda Morelos y Pav\u00f3n, respecto al Poder Judicial, contenida en su famoso apotegma: <i>Que todo el que se queje con justicia tenga un tribunal que lo escuche, lo ampare y lo defienda contra el fuerte y el arbitrario.<\/i><\/p>\n<p>&nbsp;<\/p>\n<p>La integraci\u00f3n, instalaci\u00f3n y funcionamiento del primer tribunal de la Am\u00e9rica Libre, fue un hecho de profunda trascendencia con el que Ario se convierte, en 1815, en el escenario de la manifestaci\u00f3n de la existencia del naciente Estado, al quedar debidamente integrados los tres poderes de la Uni\u00f3n: El <i>Ejecutivo<\/i>, el <i>Legislativo<\/i>\u00a0 y el <i>Judicial<\/i>. <i><\/i><\/p>\n<p>&nbsp;<\/p>\n<p>Desde 1976, a\u00f1o con a\u00f1o el Gobierno de Michoac\u00e1n, el Ayuntamiento de Ario de Rosales y, de manera particular, el Poder Judicial de Michoac\u00e1n, conmemoran su instalaci\u00f3n. <i><\/i><\/p>\n<p>&nbsp;<\/p>\n<p>Con dicha celebraci\u00f3n se refrenda la gratitud a los hombres que, en condiciones dif\u00edciles, fundaron los cimientos de la naci\u00f3n y bosquejaron las instituciones fundamentales. Asimismo, se destacan los postulados de Morelos: <i>la necesidad de hacer reinar la igualdad ante la ley, la libertad sin desorden, la paz sin opresi\u00f3n, la justicia sin rigor.<\/i><\/p>\n<p><i>\u00a0<\/i><\/p>\n<p>&nbsp;<\/p>\n","protected":false},"excerpt":{"rendered":"<p>Con motivo del 199 aniversario de la instalaci\u00f3n del primer Supremo Tribunal de Justicia de la Naci\u00f3n, el Poder Judicial de Michoac\u00e1n organiz\u00f3 de manera conjunta con la Suprema Corte de Justicia de la Naci\u00f3n, <\/p>\n","protected":false},"author":1,"featured_media":0,"comment_status":"open","ping_status":"open","sticky":false,"template":"","format":"standard","meta":{"footnotes":""},"categories":[1],"tags":[],"class_list":["post-5872","post","type-post","status-publish","format-standard","hentry","category-sin-categoria"],"_links":{"self":[{"href":"https:\/\/radiowebmx.com\/nota\/wp-json\/wp\/v2\/posts\/5872","targetHints":{"allow":["GET"]}}],"collection":[{"href":"https:\/\/radiowebmx.com\/nota\/wp-json\/wp\/v2\/posts"}],"about":[{"href":"https:\/\/radiowebmx.com\/nota\/wp-json\/wp\/v2\/types\/post"}],"author":[{"embeddable":true,"href":"https:\/\/radiowebmx.com\/nota\/wp-json\/wp\/v2\/users\/1"}],"replies":[{"embeddable":true,"href":"https:\/\/radiowebmx.com\/nota\/wp-json\/wp\/v2\/comments?post=5872"}],"version-history":[{"count":2,"href":"https:\/\/radiowebmx.com\/nota\/wp-json\/wp\/v2\/posts\/5872\/revisions"}],"predecessor-version":[{"id":5875,"href":"https:\/\/radiowebmx.com\/nota\/wp-json\/wp\/v2\/posts\/5872\/revisions\/5875"}],"wp:attachment":[{"href":"https:\/\/radiowebmx.com\/nota\/wp-json\/wp\/v2\/media?parent=5872"}],"wp:term":[{"taxonomy":"category","embeddable":true,"href":"https:\/\/radiowebmx.com\/nota\/wp-json\/wp\/v2\/categories?post=5872"},{"taxonomy":"post_tag","embeddable":true,"href":"https:\/\/radiowebmx.com\/nota\/wp-json\/wp\/v2\/tags?post=5872"}],"curies":[{"name":"wp","href":"https:\/\/api.w.org\/{rel}","templated":true}]}}