{"id":586,"date":"2012-12-13T09:30:29","date_gmt":"2012-12-13T15:30:29","guid":{"rendered":"https:\/\/radiowebmx.com\/nota\/?p=586"},"modified":"2012-12-13T09:32:21","modified_gmt":"2012-12-13T15:32:21","slug":"arranca-programa-sumemos-por-la-salud-promovido-por-el-diputado-sergio-benitez-suarez","status":"publish","type":"post","link":"https:\/\/radiowebmx.com\/nota\/arranca-programa-sumemos-por-la-salud-promovido-por-el-diputado-sergio-benitez-suarez\/","title":{"rendered":"Arranca programa \u201cSumemos por la Salud\u201d promovido por el diputado Sergio Ben\u00edtez Su\u00e1rez"},"content":{"rendered":"<p><img loading=\"lazy\" decoding=\"async\" class=\"alignnone\" src=\"http:\/\/img829.imageshack.us\/img829\/9868\/dipsergiobentezs.jpg\" alt=\"\" width=\"800\" height=\"715\" \/>El d\u00eda de hoy, el diputado del blanquiazul, Sergio Ben\u00edtez Su\u00e1rez, arranc\u00f3 el programa &#8220;Sumemos por la Salud&#8221; en el municipio de Uruapan, con la finalidad de beneficiar a personas de escasos recursos econ\u00f3micos de su distrito, brind\u00e1ndoles consulta m\u00e9dica gratuita y medicamentos a bajo costo.<\/p>\n<p>&nbsp;<\/p>\n<pre>El legislador explic\u00f3 que durante este arranque hizo entrega de diez sillas de ruedas a personas discapacitadas, as\u00ed como de la tercera edad de los municipios de Ziracuaretiro, Taretan, Tingambato y Uruapan.<\/pre>\n<pre>En el mismo sentido, visit\u00f3 a los habitantes de colonias como Palito Verde, 28 de octubre, Ampliaci\u00f3n Jaramillo, R\u00edo Volga, as\u00ed como Valle Dorado y municipios colindantes de la Regi\u00f3n, favoreciendo a personas de escasos recursos con la entrega de cobijas, \"el d\u00eda de hoy hicimos un recorrido por varias colonias, donde entregamos sillas de ruedas y se beneficiaron a mas de 300 familias con la entrega de cobijas, lo que les permitir\u00e1 aminorar un poco el intenso frio de la \u00e9poca de invierno\", expuso.<\/pre>\n<pre>\u00a0\r\nEn entrevista, Ben\u00edtez Su\u00e1rez explic\u00f3 que la gesti\u00f3n social es un eje importante de su trabajo, que le permite atender las necesidades de los uruapenses, principalmente de los grupos vulnerables, a fin de favorecerlos para que cuenten con mejores condiciones de vida.\u00a0\r\n\r\nEn el mismo contexto, se\u00f1al\u00f3 \"conozco las necesidades de los habitantes de mi municipio, es por ello que ahora como representante popular, cumplo mi compromiso en apoyar a las familias que m\u00e1s lo necesitan\".<\/pre>\n<pre>Finalmente, el legislador de extracci\u00f3n panista se comprometi\u00f3 a seguir trabajando y legislando en favor de los ciudadanos, por lo que reiter\u00f3 que a partir de enero del pr\u00f3ximo a\u00f1o, en su casa de enlace legislativo, ubicada en Galeana No. 27 altos, en el Centro de Uruapan, estar\u00e1 instalado el programa \"Sumemos por la Salud\" de manera permanente, brindando atenci\u00f3n m\u00e9dica gratuita y venta de medicamento a un costo simb\u00f3lico\u201d, concluy\u00f3.<\/pre>\n","protected":false},"excerpt":{"rendered":"<p>El d\u00eda de hoy, el diputado del blanquiazul, Sergio Ben\u00edtez Su\u00e1rez, arranc\u00f3 el programa &#8220;Sumemos por la Salud&#8221; en el municipio de Uruapan, con la finalidad de beneficiar a personas de escasos recursos econ\u00f3micos de su distrito, brind\u00e1ndoles consulta m\u00e9dica gratuita y medicamentos a bajo costo.<\/p>\n","protected":false},"author":1,"featured_media":0,"comment_status":"open","ping_status":"open","sticky":false,"template":"","format":"standard","meta":{"footnotes":""},"categories":[3],"tags":[],"class_list":["post-586","post","type-post","status-publish","format-standard","hentry","category-gobierno-del-estado-de-michoacan"],"_links":{"self":[{"href":"https:\/\/radiowebmx.com\/nota\/wp-json\/wp\/v2\/posts\/586","targetHints":{"allow":["GET"]}}],"collection":[{"href":"https:\/\/radiowebmx.com\/nota\/wp-json\/wp\/v2\/posts"}],"about":[{"href":"https:\/\/radiowebmx.com\/nota\/wp-json\/wp\/v2\/types\/post"}],"author":[{"embeddable":true,"href":"https:\/\/radiowebmx.com\/nota\/wp-json\/wp\/v2\/users\/1"}],"replies":[{"embeddable":true,"href":"https:\/\/radiowebmx.com\/nota\/wp-json\/wp\/v2\/comments?post=586"}],"version-history":[{"count":3,"href":"https:\/\/radiowebmx.com\/nota\/wp-json\/wp\/v2\/posts\/586\/revisions"}],"predecessor-version":[{"id":588,"href":"https:\/\/radiowebmx.com\/nota\/wp-json\/wp\/v2\/posts\/586\/revisions\/588"}],"wp:attachment":[{"href":"https:\/\/radiowebmx.com\/nota\/wp-json\/wp\/v2\/media?parent=586"}],"wp:term":[{"taxonomy":"category","embeddable":true,"href":"https:\/\/radiowebmx.com\/nota\/wp-json\/wp\/v2\/categories?post=586"},{"taxonomy":"post_tag","embeddable":true,"href":"https:\/\/radiowebmx.com\/nota\/wp-json\/wp\/v2\/tags?post=586"}],"curies":[{"name":"wp","href":"https:\/\/api.w.org\/{rel}","templated":true}]}}