{"id":58568,"date":"2018-11-07T22:39:27","date_gmt":"2018-11-08T04:39:27","guid":{"rendered":"https:\/\/radiowebmx.com\/nota\/?p=58568"},"modified":"2018-11-07T22:39:27","modified_gmt":"2018-11-08T04:39:27","slug":"se-presentara-exhorto-a-gobierno-federal-para-cubrir-adeudos-a-docentes-michoacanos","status":"publish","type":"post","link":"https:\/\/radiowebmx.com\/nota\/se-presentara-exhorto-a-gobierno-federal-para-cubrir-adeudos-a-docentes-michoacanos\/","title":{"rendered":"Se presentar\u00e1 exhorto a gobierno federal para cubrir adeudos a docentes michoacanos"},"content":{"rendered":"<p class=\"x_MsoNormal\"><b>Morelia; Michoac\u00e1n, 07 de noviembre de 2018<\/b>.- Maestras y maestros informes, integrados a la Secci\u00f3n 18 de la Coordinadora Nacional de Trabajadores de la Educaci\u00f3n (CNTE), protestaron frente al Congreso de Michoac\u00e1n por incumplimiento de pagos y adeudos diversos de la Secretar\u00eda de Educaci\u00f3n en el Estado. Los manifestantes fueron atendidos por una comisi\u00f3n legislativa liderada por el diputado Antonio Madriz Estrada, presidente de la Comisi\u00f3n de Educaci\u00f3n y la diputada Laura Granados Beltr\u00e1n.<\/p>\n<p class=\"x_MsoNormal\">\n<p class=\"x_MsoNormal\">Los legisladores propusieron trazar una ruta de trabajo directamente con el secretario de Educaci\u00f3n de Michoac\u00e1n y generar una agenda que permita liberar la presi\u00f3n al tema educativo a partir del cumplimiento de los compromisos institucionales con el magisterio. Se trabajar\u00e1 adem\u00e1s en un presupuesto financiero adecuado y suficiente para la educaci\u00f3n.<\/p>\n<p class=\"x_MsoNormal\">\n<p class=\"x_MsoNormal\">La diputada Granados Beltr\u00e1n reconoci\u00f3 que la educaci\u00f3n implica adem\u00e1s un grave problema social, econ\u00f3mico y pol\u00edtico que demanda una atenci\u00f3n emergente y adecuada. Adem\u00e1s, propuso llevar a la Junta de Coordinaci\u00f3n Pol\u00edtica el an\u00e1lisis del tema educativo.<\/p>\n<p class=\"x_MsoNormal\">\n<p class=\"x_MsoNormal\">Los docentes aceptaron la propuesta del diputado To\u00f1o Madriz Estrada para integrar mesas de trabajo dirigidas a dise\u00f1ar el presupuesto en materia educativa, a partir de la propuesta del ejecutivo en su proyecto de Presupuesto de Egresos para el a\u00f1o 2019.<\/p>\n<p class=\"x_MsoNormal\">\n<p class=\"x_MsoNormal\">En este encuentro de trabajo con docentes de la CNTE estuvieron adem\u00e1s las diputadas Zenaida Salvador Br\u00edgido, Mar\u00eda Teresa Mora Covarrubias y Teresa L\u00f3pez Hern\u00e1ndez.<\/p>\n<p class=\"x_MsoNormal\">\n<p class=\"x_MsoNormal\">Derivado de esta reuni\u00f3n se generaron asuntos concretos:<\/p>\n<p class=\"x_MsoNormal\">\n<p class=\"x_MsoNormal\">1.- Trabajar en la elaboraci\u00f3n de un punto de acuerdo para exhortar al ejecutivo federal a que se destinen recursos extraordinarios al pago de sueldos pendientes de los maestros del estado.<\/p>\n<p class=\"x_MsoNormal\">\n<p class=\"x_MsoNormal\">\u00a02. Crear mesas de trabajo y fijar un calendario para analizar el tema de los jubilados. Generar una din\u00e1mica organizativa para que pueda ser consensuada por el pleno del congreso.<\/p>\n<p class=\"x_MsoNormal\">\n<p class=\"x_MsoNormal\">3. Acordar audiencias con maestros presentes. Revisar tema de salarios pendientes de trabajadores, equipamiento en escuelas, infraestructura, etc.<\/p>\n<p class=\"x_MsoNormal\">\n<p class=\"x_MsoNormal\">4. Reuni\u00f3n institucional con el Secretario de Educaci\u00f3n.<\/p>\n","protected":false},"excerpt":{"rendered":"<p>Morelia; Michoac\u00e1n, 07 de noviembre de 2018.- Maestras y maestros informes, integrados a la Secci\u00f3n 18 de la Coordinadora Nacional de Trabajadores de la Educaci\u00f3n (CNTE), protestaron frente al Congreso de Michoac\u00e1n por incumplimiento de pagos y adeudos diversos de la Secretar\u00eda de Educaci\u00f3n en el Estado. Los manifestantes fueron atendidos por una comisi\u00f3n legislativa [&hellip;]<\/p>\n","protected":false},"author":2,"featured_media":58569,"comment_status":"closed","ping_status":"closed","sticky":false,"template":"","format":"standard","meta":{"footnotes":""},"categories":[6],"tags":[],"class_list":["post-58568","post","type-post","status-publish","format-standard","has-post-thumbnail","hentry","category-congreso-del-estado"],"_links":{"self":[{"href":"https:\/\/radiowebmx.com\/nota\/wp-json\/wp\/v2\/posts\/58568","targetHints":{"allow":["GET"]}}],"collection":[{"href":"https:\/\/radiowebmx.com\/nota\/wp-json\/wp\/v2\/posts"}],"about":[{"href":"https:\/\/radiowebmx.com\/nota\/wp-json\/wp\/v2\/types\/post"}],"author":[{"embeddable":true,"href":"https:\/\/radiowebmx.com\/nota\/wp-json\/wp\/v2\/users\/2"}],"replies":[{"embeddable":true,"href":"https:\/\/radiowebmx.com\/nota\/wp-json\/wp\/v2\/comments?post=58568"}],"version-history":[{"count":1,"href":"https:\/\/radiowebmx.com\/nota\/wp-json\/wp\/v2\/posts\/58568\/revisions"}],"predecessor-version":[{"id":58570,"href":"https:\/\/radiowebmx.com\/nota\/wp-json\/wp\/v2\/posts\/58568\/revisions\/58570"}],"wp:featuredmedia":[{"embeddable":true,"href":"https:\/\/radiowebmx.com\/nota\/wp-json\/wp\/v2\/media\/58569"}],"wp:attachment":[{"href":"https:\/\/radiowebmx.com\/nota\/wp-json\/wp\/v2\/media?parent=58568"}],"wp:term":[{"taxonomy":"category","embeddable":true,"href":"https:\/\/radiowebmx.com\/nota\/wp-json\/wp\/v2\/categories?post=58568"},{"taxonomy":"post_tag","embeddable":true,"href":"https:\/\/radiowebmx.com\/nota\/wp-json\/wp\/v2\/tags?post=58568"}],"curies":[{"name":"wp","href":"https:\/\/api.w.org\/{rel}","templated":true}]}}