{"id":58526,"date":"2018-11-07T21:53:13","date_gmt":"2018-11-08T03:53:13","guid":{"rendered":"https:\/\/radiowebmx.com\/nota\/?p=58526"},"modified":"2018-11-07T21:53:13","modified_gmt":"2018-11-08T03:53:13","slug":"diputados-realizan-relevos-administrativos","status":"publish","type":"post","link":"https:\/\/radiowebmx.com\/nota\/diputados-realizan-relevos-administrativos\/","title":{"rendered":"Diputados realizan relevos administrativos"},"content":{"rendered":"<p class=\"x_gmail-m_-8487837798666648082gmail-m_1186383739627184259gmail-MsoListParagraph\">\u00b7\u00a0\u00a0\u00a0\u00a0\u00a0\u00a0\u00a0\u00a0\u00a0<i>Nombran a Antonio Sosa L\u00f3pez como Coordinador de Transparencia y Acceso a la Informaci\u00f3n P\u00fablica, y a H\u00e9ctor Rafael Tena Alvarado como Coordinador de Comunicaci\u00f3n Social del Congreso del Estado<\/i><\/p>\n<p class=\"x_MsoNormal\" align=\"center\"><b>\u00a0<\/b><\/p>\n<p class=\"x_MsoNormal\"><b>Morelia; Michoac\u00e1n, 07 de noviembre de 2018<\/b>.- El pleno del Congreso del Estado nombr\u00f3 a Antonio Sosa L\u00f3pez como Coordinador de Transparencia y Acceso a la Informaci\u00f3n P\u00fablica, as\u00ed como a H\u00e9ctor Rafael Tena Alvarado para asumir el cargo de Coordinador de Comunicaci\u00f3n Social, ambos del Congreso del Estado.<\/p>\n<p class=\"x_MsoNormal\">\n<p class=\"x_MsoNormal\">Antonio Sosa L\u00f3pez., que ocupar\u00e1 el cargo por un periodo de tres a\u00f1os contando a partir de este 7 de noviembre, tendr\u00e1 la responsabilidad de recibir, tramitar y responder las solicitudes de acceso a la informaci\u00f3n que realicen las personas, as\u00ed como coordinarse con las dependencias federales y estatales en la materia para cumplir con la normatividad relativa garantizando los principios de transparencia, rendici\u00f3n de cuentas y m\u00e1xima publicidad.<\/p>\n<p class=\"x_MsoNormal\">\n<p class=\"x_MsoNormal\">El nuevo Coordinador de Transparencia y Acceso a la Informaci\u00f3n P\u00fablica deber\u00e1 garantizar en coadyuvancia con la Coordinaci\u00f3n de Comunicaci\u00f3n Social, que los documentos generados por el trabajo del Pleno, comisiones, comit\u00e9s y dem\u00e1s \u00f3rganos del Congreso, sean publicados en el sitio de internet o portal del mismo, para que sean consultados libremente, a menos que exista acuerdo fundado para su clasificaci\u00f3n como reservados.<\/p>\n<p class=\"x_MsoNormal\">\n<p class=\"x_MsoNormal\">Por su parte, H\u00e9ctor Rafael Tena Alvarado ser\u00e1 el enlace con los medios de comunicaci\u00f3n y tendr\u00e1 a su cargo la difusi\u00f3n de las actividades institucionales del Congreso mediante estrategias y pol\u00edticas de comunicaci\u00f3n que ser\u00e1n estudiadas, analizadas y propuestas para su aprobaci\u00f3n al Comit\u00e9 de Comunicaci\u00f3n, mismas que deber\u00e1n atender y ejecutar buscando la optimizaci\u00f3n permanente, razonable y organizada de la informaci\u00f3n. Esta difusi\u00f3n se har\u00e1 por todas las formas que apruebe el Comit\u00e9.<\/p>\n<p class=\"x_MsoNormal\">\n<p class=\"x_MsoNormal\">Cabe destacar que entre las actividades que le corresponden a la Coordinaci\u00f3n de Comunicaci\u00f3n Social es transmitir en vivo las sesiones ordinarias y extraordinarias del Congreso, a trav\u00e9s de su Portal de Internet, con la finalidad de difundir el trabajo legislativo, bajo los principios de transparencia y equidad. Tambi\u00e9n realizar\u00e1 la videograbaci\u00f3n de las sesiones del Pleno, comisiones, comit\u00e9s, reuniones de trabajo, foros, comparecencias, conferencias de prensa y otras actividades legislativas.<\/p>\n","protected":false},"excerpt":{"rendered":"<p>\u00b7\u00a0\u00a0\u00a0\u00a0\u00a0\u00a0\u00a0\u00a0\u00a0Nombran a Antonio Sosa L\u00f3pez como Coordinador de Transparencia y Acceso a la Informaci\u00f3n P\u00fablica, y a H\u00e9ctor Rafael Tena Alvarado como Coordinador de Comunicaci\u00f3n Social del Congreso del Estado \u00a0 Morelia; Michoac\u00e1n, 07 de noviembre de 2018.- El pleno del Congreso del Estado nombr\u00f3 a Antonio Sosa L\u00f3pez como Coordinador de Transparencia y Acceso [&hellip;]<\/p>\n","protected":false},"author":2,"featured_media":58528,"comment_status":"closed","ping_status":"closed","sticky":false,"template":"","format":"standard","meta":{"footnotes":""},"categories":[6],"tags":[],"class_list":["post-58526","post","type-post","status-publish","format-standard","has-post-thumbnail","hentry","category-congreso-del-estado"],"_links":{"self":[{"href":"https:\/\/radiowebmx.com\/nota\/wp-json\/wp\/v2\/posts\/58526","targetHints":{"allow":["GET"]}}],"collection":[{"href":"https:\/\/radiowebmx.com\/nota\/wp-json\/wp\/v2\/posts"}],"about":[{"href":"https:\/\/radiowebmx.com\/nota\/wp-json\/wp\/v2\/types\/post"}],"author":[{"embeddable":true,"href":"https:\/\/radiowebmx.com\/nota\/wp-json\/wp\/v2\/users\/2"}],"replies":[{"embeddable":true,"href":"https:\/\/radiowebmx.com\/nota\/wp-json\/wp\/v2\/comments?post=58526"}],"version-history":[{"count":1,"href":"https:\/\/radiowebmx.com\/nota\/wp-json\/wp\/v2\/posts\/58526\/revisions"}],"predecessor-version":[{"id":58529,"href":"https:\/\/radiowebmx.com\/nota\/wp-json\/wp\/v2\/posts\/58526\/revisions\/58529"}],"wp:featuredmedia":[{"embeddable":true,"href":"https:\/\/radiowebmx.com\/nota\/wp-json\/wp\/v2\/media\/58528"}],"wp:attachment":[{"href":"https:\/\/radiowebmx.com\/nota\/wp-json\/wp\/v2\/media?parent=58526"}],"wp:term":[{"taxonomy":"category","embeddable":true,"href":"https:\/\/radiowebmx.com\/nota\/wp-json\/wp\/v2\/categories?post=58526"},{"taxonomy":"post_tag","embeddable":true,"href":"https:\/\/radiowebmx.com\/nota\/wp-json\/wp\/v2\/tags?post=58526"}],"curies":[{"name":"wp","href":"https:\/\/api.w.org\/{rel}","templated":true}]}}