{"id":58467,"date":"2018-11-06T11:47:12","date_gmt":"2018-11-06T17:47:12","guid":{"rendered":"https:\/\/radiowebmx.com\/nota\/?p=58467"},"modified":"2018-11-06T11:47:12","modified_gmt":"2018-11-06T17:47:12","slug":"llama-osiel-equihua-al-dialogo-en-conflicto-de-nahuatzen","status":"publish","type":"post","link":"https:\/\/radiowebmx.com\/nota\/llama-osiel-equihua-al-dialogo-en-conflicto-de-nahuatzen\/","title":{"rendered":"Llama Osiel Equihua al di\u00e1logo en conflicto de Nahuatzen"},"content":{"rendered":"<p class=\"x_gmail-MsoListParagraph\">\u00b7\u00a0\u00a0\u00a0\u00a0\u00a0\u00a0\u00a0\u00a0\u00a0<i>\u00d3rganos gubernamentales deben trabajar en armon\u00eda para buscar la reconciliaci\u00f3n social<\/i><\/p>\n<p class=\"x_MsoNormal\"><b>\u00a0<\/b><\/p>\n<p class=\"x_MsoNormal\"><b>Morelia; Michoac\u00e1n, 05 de noviembre de 2018<\/b>.-\u00a0El diputado representante del distrito 5 de Paracho, Osiel Equihua Equihua, hizo un llamado al di\u00e1logo entre los implicados en el conflicto de la meseta pur\u00e9pecha originado en Nahuatzen, del mismo modo exhort\u00f3 a todos los \u00f3rganos de gobierno a contribuir de manera pac\u00edfica en la soluci\u00f3n del mismo.<\/p>\n<p class=\"x_MsoNormal\">\n<p class=\"x_MsoNormal\">\u201cNo es incitando a la violencia o con declaraciones ambiguas de las autoridades como se dar\u00e1 soluci\u00f3n a los conflictos pol\u00edticos que prevalecen en la meseta desde hace ya bastante tiempo; es momento de reflexionar y trabajar de forma conjunta entre todos los \u00f3rganos de gobierno para que los municipios ind\u00edgenas de esta zona logren la paz que necesitan\u201d reiter\u00f3 el diputado de Movimiento Regeneraci\u00f3n Nacional.<\/p>\n<p class=\"x_MsoNormal\">\n<p class=\"x_MsoNormal\">El doctor Equihua, como originario de la localidad de Aranza, insisti\u00f3 en que es momento de la reconciliaci\u00f3n social y de mantener el di\u00e1logo entre las partes implicadas y a su vez insta al gobierno del estado a que garantice tranquilidad y seguridad a los pobladores de Nahuatzen y las comunidades aleda\u00f1as, ya que no es necesario llegar a acciones que desestabilicen a la regi\u00f3n.<\/p>\n","protected":false},"excerpt":{"rendered":"<p>\u00b7\u00a0\u00a0\u00a0\u00a0\u00a0\u00a0\u00a0\u00a0\u00a0\u00d3rganos gubernamentales deben trabajar en armon\u00eda para buscar la reconciliaci\u00f3n social \u00a0 Morelia; Michoac\u00e1n, 05 de noviembre de 2018.-\u00a0El diputado representante del distrito 5 de Paracho, Osiel Equihua Equihua, hizo un llamado al di\u00e1logo entre los implicados en el conflicto de la meseta pur\u00e9pecha originado en Nahuatzen, del mismo modo exhort\u00f3 a todos los \u00f3rganos [&hellip;]<\/p>\n","protected":false},"author":2,"featured_media":58468,"comment_status":"closed","ping_status":"closed","sticky":false,"template":"","format":"standard","meta":{"footnotes":""},"categories":[6],"tags":[],"class_list":["post-58467","post","type-post","status-publish","format-standard","has-post-thumbnail","hentry","category-congreso-del-estado"],"_links":{"self":[{"href":"https:\/\/radiowebmx.com\/nota\/wp-json\/wp\/v2\/posts\/58467","targetHints":{"allow":["GET"]}}],"collection":[{"href":"https:\/\/radiowebmx.com\/nota\/wp-json\/wp\/v2\/posts"}],"about":[{"href":"https:\/\/radiowebmx.com\/nota\/wp-json\/wp\/v2\/types\/post"}],"author":[{"embeddable":true,"href":"https:\/\/radiowebmx.com\/nota\/wp-json\/wp\/v2\/users\/2"}],"replies":[{"embeddable":true,"href":"https:\/\/radiowebmx.com\/nota\/wp-json\/wp\/v2\/comments?post=58467"}],"version-history":[{"count":1,"href":"https:\/\/radiowebmx.com\/nota\/wp-json\/wp\/v2\/posts\/58467\/revisions"}],"predecessor-version":[{"id":58469,"href":"https:\/\/radiowebmx.com\/nota\/wp-json\/wp\/v2\/posts\/58467\/revisions\/58469"}],"wp:featuredmedia":[{"embeddable":true,"href":"https:\/\/radiowebmx.com\/nota\/wp-json\/wp\/v2\/media\/58468"}],"wp:attachment":[{"href":"https:\/\/radiowebmx.com\/nota\/wp-json\/wp\/v2\/media?parent=58467"}],"wp:term":[{"taxonomy":"category","embeddable":true,"href":"https:\/\/radiowebmx.com\/nota\/wp-json\/wp\/v2\/categories?post=58467"},{"taxonomy":"post_tag","embeddable":true,"href":"https:\/\/radiowebmx.com\/nota\/wp-json\/wp\/v2\/tags?post=58467"}],"curies":[{"name":"wp","href":"https:\/\/api.w.org\/{rel}","templated":true}]}}