{"id":58414,"date":"2018-11-05T13:08:05","date_gmt":"2018-11-05T19:08:05","guid":{"rendered":"https:\/\/radiowebmx.com\/nota\/?p=58414"},"modified":"2018-11-05T13:08:05","modified_gmt":"2018-11-05T19:08:05","slug":"llama-miriam-tinoco-a-reforzar-acciones-para-prevenir-afectaciones-con-el-paso-de-la-tormenta-tropical","status":"publish","type":"post","link":"https:\/\/radiowebmx.com\/nota\/llama-miriam-tinoco-a-reforzar-acciones-para-prevenir-afectaciones-con-el-paso-de-la-tormenta-tropical\/","title":{"rendered":"Llama Miriam Tinoco a reforzar acciones para prevenir afectaciones con el paso de la tormenta tropical"},"content":{"rendered":"<p class=\"x_MsoNormal\">Ante el paso de la tormenta tropical &#8220;Xavier&#8221;, la diputada local Miriam Tinoco Soto hizo un llamado a las autoridades de los tres niveles de gobierno y sociedad a mantenerse alerta, tras se\u00f1alar que es necesario que en los municipios con mayores riesgos se realice un diagn\u00f3stico a fondo para implementar acciones preventivas que salvaguarden la seguridad e integridad de los ciudadanos.<\/p>\n<p class=\"x_MsoNormal\">Asimismo hizo un llamado a los 113 municipios para que elaboren, actualicen y garanticen la operatividad de los sistemas de Atlas de Riesgo, a fin de establecer acciones que contribuyan a prevenir los efectos de los fen\u00f3menos naturales.<\/p>\n<p class=\"x_MsoNormal\">Ante los desastres que se registraron hace m\u00e1s de un mes en Perib\u00e1n y hace unos d\u00edas en Morelia, resalt\u00f3 que es necesaria la coordinaci\u00f3n permanente entre las autoridades, para actuar de manera oportuna ante cualquier contingencia.<\/p>\n<p class=\"x_MsoNormal\">\u201cEs necesario implementar acciones preventivas que contribuyan a disminuir los riesgos de posibles afectaciones y atender de manera oportuna cualquier situaci\u00f3n de riesgo y vulnerabilidad en la que se encuentran los ciudadanos que viven en zonas de mayor riesgo y mantener informada a la poblaci\u00f3n sobre las medidas necesarias que deben de tomarse\u201d, afirm\u00f3.<\/p>\n<p class=\"x_MsoNormal\">Record\u00f3 que el mi\u00e9rcoles pasado suscribi\u00f3 en el Pleno de la LXXIV Legislatura Local un punto de acuerdo, mediante el cual solicit\u00f3 a los integrantes del Congreso Local que se apoye con recursos econ\u00f3micos a los damnificados por las lluvias ocasionadas por el Hurac\u00e1n Willa y la Tormenta Tropical Vicente que gener\u00f3 afectaciones principalmente en Morelia.<\/p>\n<p class=\"x_MsoNormal\">Ante el gran n\u00famero de afectaciones, agreg\u00f3, es claro que los apoyos para hacer frente a las necesidades de la poblaci\u00f3n que sufri\u00f3 afectaciones son insuficientes, por lo que es necesario la suma de todos para ayudar a los ciudadanos que lo necesitan.<\/p>\n<p class=\"x_MsoNormal\">Consider\u00f3 que tanto para Morelia como Perib\u00e1n, que son los municipios que m\u00e1s afectaciones han reportado en esta \u00e9poca, es urgente el apoyo de la federaci\u00f3n, a fin de coordinar mayores acciones con el estado y municipios.<\/p>\n<p class=\"x_MsoNormal\">Resalt\u00f3 que en ambos lugares se reportaron da\u00f1os considerables a las viviendas, as\u00ed como a la infraestructura y vialidades, por lo que es necesaria la suma de esfuerzos para apoyar a la poblaci\u00f3n afectad.<\/p>\n<p class=\"x_MsoNormal\">As\u00ed tambi\u00e9n, con el objetivo de prevenir, Miriam Tinoco dijo que se necesita que las autoridades emitan un diagn\u00f3stico del estado que guarda la infraestructura urbana con que cuenta Morelia y municipios en riesgo, a fin de conocer las acciones preventivas que pueden realizarse.<\/p>\n<p class=\"x_MsoNormal\">Aunado a ello, subray\u00f3 que es apremiante que los municipios cuenten con el Atlas de Riesgo, actualizado y en funcionamiento para prevenir y evitar da\u00f1os graves.<\/p>\n<p class=\"x_MsoNormal\">La diputada local manifest\u00f3 su compromiso de apoyar a la poblaci\u00f3n que ha sufrido afectaciones, por lo que continuar\u00e1 realizando aportaciones en beneficio de los damnificados, as\u00ed como acompa\u00f1ar a las autoridades locales y estatales ante la federaci\u00f3n en la gesti\u00f3n de recursos.<\/p>\n","protected":false},"excerpt":{"rendered":"<p>Ante el paso de la tormenta tropical &#8220;Xavier&#8221;, la diputada local Miriam Tinoco Soto hizo un llamado a las autoridades de los tres niveles de gobierno y sociedad a mantenerse alerta, tras se\u00f1alar que es necesario que en los municipios con mayores riesgos se realice un diagn\u00f3stico a fondo para implementar acciones preventivas que salvaguarden [&hellip;]<\/p>\n","protected":false},"author":2,"featured_media":58415,"comment_status":"closed","ping_status":"closed","sticky":false,"template":"","format":"standard","meta":{"footnotes":""},"categories":[6],"tags":[],"class_list":["post-58414","post","type-post","status-publish","format-standard","has-post-thumbnail","hentry","category-congreso-del-estado"],"_links":{"self":[{"href":"https:\/\/radiowebmx.com\/nota\/wp-json\/wp\/v2\/posts\/58414","targetHints":{"allow":["GET"]}}],"collection":[{"href":"https:\/\/radiowebmx.com\/nota\/wp-json\/wp\/v2\/posts"}],"about":[{"href":"https:\/\/radiowebmx.com\/nota\/wp-json\/wp\/v2\/types\/post"}],"author":[{"embeddable":true,"href":"https:\/\/radiowebmx.com\/nota\/wp-json\/wp\/v2\/users\/2"}],"replies":[{"embeddable":true,"href":"https:\/\/radiowebmx.com\/nota\/wp-json\/wp\/v2\/comments?post=58414"}],"version-history":[{"count":1,"href":"https:\/\/radiowebmx.com\/nota\/wp-json\/wp\/v2\/posts\/58414\/revisions"}],"predecessor-version":[{"id":58416,"href":"https:\/\/radiowebmx.com\/nota\/wp-json\/wp\/v2\/posts\/58414\/revisions\/58416"}],"wp:featuredmedia":[{"embeddable":true,"href":"https:\/\/radiowebmx.com\/nota\/wp-json\/wp\/v2\/media\/58415"}],"wp:attachment":[{"href":"https:\/\/radiowebmx.com\/nota\/wp-json\/wp\/v2\/media?parent=58414"}],"wp:term":[{"taxonomy":"category","embeddable":true,"href":"https:\/\/radiowebmx.com\/nota\/wp-json\/wp\/v2\/categories?post=58414"},{"taxonomy":"post_tag","embeddable":true,"href":"https:\/\/radiowebmx.com\/nota\/wp-json\/wp\/v2\/tags?post=58414"}],"curies":[{"name":"wp","href":"https:\/\/api.w.org\/{rel}","templated":true}]}}