{"id":584,"date":"2012-12-13T09:29:11","date_gmt":"2012-12-13T15:29:11","guid":{"rendered":"https:\/\/radiowebmx.com\/nota\/?p=584"},"modified":"2012-12-13T09:29:11","modified_gmt":"2012-12-13T15:29:11","slug":"revisan-avances-de-atencion-al-oriente-por-desastre-de-2010","status":"publish","type":"post","link":"https:\/\/radiowebmx.com\/nota\/revisan-avances-de-atencion-al-oriente-por-desastre-de-2010\/","title":{"rendered":"Revisan avances de atenci\u00f3n al Oriente por desastre de 2010"},"content":{"rendered":"<p>Para dar seguimiento a los trabajos del Fideicomiso 1994 Fondo de Desastres Naturales Michoac\u00e1n, se llev\u00f3 a cabo la Vig\u00e9sima Segunda Sesi\u00f3n Ordinaria del Comit\u00e9 T\u00e9cnico del Fideicomiso Mixto Estatal de Michoac\u00e1n, presidida por el Subsecretario de Enlace Legislativo y Asuntos Registrales, Rub\u00e9n P\u00e9rez Gallardo Ojeda con la representaci\u00f3n del Secretario de Gobierno, Jes\u00fas Reyna Garc\u00eda.<\/p>\n<p>En las instalaciones de la Casa de Gobierno del Estado de Michoac\u00e1n y con la representaci\u00f3n del Fondo de Desastres Naturales (Fonden), de las diferentes instancias gubernamentales federales, estatales y de los municipios afectados en el Oriente michoacano por las lluvias at\u00edpicas de febrero de 2010, dicha sesi\u00f3n sirvi\u00f3 para dar a conocer entre otras cosas, el estado que guardan las acciones emprendidas por el fideicomiso antes mencionado en materia de obra p\u00fablica, vivienda, salud, infraestructura carretera y educativa entre otros, precisamente, en las demarcaciones municipales del oriente de la entidad.<\/p>\n<p>Durante el desarrollo de la sesi\u00f3n se le dio seguimiento a los acuerdos y se inform\u00f3 sobre los avances f\u00edsicos y financieros por las dependencias estatales de acuerdo a la calendarizaci\u00f3n proyectada, con ello, el Comit\u00e9 T\u00e9cnico se dio por enterado del informe del Fiduciario con cifras al 31 de octubre del presente a\u00f1o.<\/p>\n<p>Una vez terminado el informe, el Subsecretario P\u00e9rez Gallardo agradeci\u00f3 la asistencia y participaci\u00f3n de los servidores p\u00fablicos que conforman el Comit\u00e9 T\u00e9cnico para esta rendici\u00f3n de cuentas, al tiempo que hizo una respetuosa invitaci\u00f3n a las dependencias ejecutoras para que aprieten el paso en los trabajos que a\u00fan quedan pendientes, para que a la brevedad posible, se pueda dar por concluido el Fideicomiso 1994 y su Comit\u00e9 T\u00e9cnico, pero sobre todo, hacer una entrega adecuada de los recursos del Fonden y dejar de alguna manera, satisfechas a las familias afectadas.<\/p>\n","protected":false},"excerpt":{"rendered":"<p>Para dar seguimiento a los trabajos del Fideicomiso 1994 Fondo de Desastres Naturales Michoac\u00e1n, se llev\u00f3 a cabo la Vig\u00e9sima Segunda Sesi\u00f3n Ordinaria del Comit\u00e9 T\u00e9cnico del Fideicomiso Mixto Estatal de Michoac\u00e1n, presidida por el Subsecretario de Enlace Legislativo y Asuntos Registrales, Rub\u00e9n P\u00e9rez Gallardo Ojeda con la representaci\u00f3n del Secretario de Gobierno, Jes\u00fas Reyna Garc\u00eda.<\/p>\n","protected":false},"author":1,"featured_media":0,"comment_status":"open","ping_status":"open","sticky":false,"template":"","format":"standard","meta":{"footnotes":""},"categories":[3],"tags":[],"class_list":["post-584","post","type-post","status-publish","format-standard","hentry","category-gobierno-del-estado-de-michoacan"],"_links":{"self":[{"href":"https:\/\/radiowebmx.com\/nota\/wp-json\/wp\/v2\/posts\/584","targetHints":{"allow":["GET"]}}],"collection":[{"href":"https:\/\/radiowebmx.com\/nota\/wp-json\/wp\/v2\/posts"}],"about":[{"href":"https:\/\/radiowebmx.com\/nota\/wp-json\/wp\/v2\/types\/post"}],"author":[{"embeddable":true,"href":"https:\/\/radiowebmx.com\/nota\/wp-json\/wp\/v2\/users\/1"}],"replies":[{"embeddable":true,"href":"https:\/\/radiowebmx.com\/nota\/wp-json\/wp\/v2\/comments?post=584"}],"version-history":[{"count":1,"href":"https:\/\/radiowebmx.com\/nota\/wp-json\/wp\/v2\/posts\/584\/revisions"}],"predecessor-version":[{"id":585,"href":"https:\/\/radiowebmx.com\/nota\/wp-json\/wp\/v2\/posts\/584\/revisions\/585"}],"wp:attachment":[{"href":"https:\/\/radiowebmx.com\/nota\/wp-json\/wp\/v2\/media?parent=584"}],"wp:term":[{"taxonomy":"category","embeddable":true,"href":"https:\/\/radiowebmx.com\/nota\/wp-json\/wp\/v2\/categories?post=584"},{"taxonomy":"post_tag","embeddable":true,"href":"https:\/\/radiowebmx.com\/nota\/wp-json\/wp\/v2\/tags?post=584"}],"curies":[{"name":"wp","href":"https:\/\/api.w.org\/{rel}","templated":true}]}}