{"id":58364,"date":"2018-11-04T10:51:43","date_gmt":"2018-11-04T16:51:43","guid":{"rendered":"https:\/\/radiowebmx.com\/nota\/?p=58364"},"modified":"2018-11-04T10:51:43","modified_gmt":"2018-11-04T16:51:43","slug":"mujeres-abren-brecha-en-la-vida-politica-de-mexico","status":"publish","type":"post","link":"https:\/\/radiowebmx.com\/nota\/mujeres-abren-brecha-en-la-vida-politica-de-mexico\/","title":{"rendered":"Mujeres abren brecha en la vida pol\u00edtica de M\u00e9xico"},"content":{"rendered":"<p class=\"x_gmail-MsoListParagraph\">\u00b7\u00a0\u00a0\u00a0\u00a0\u00a0\u00a0\u00a0\u00a0\u00a0<i>Beatriz Barrientos, primera mujer Secretaria de Servicios Parlamentarios en el pa\u00eds<\/i><\/p>\n<p class=\"x_MsoNormal\"><b>Morelia; Michoac\u00e1n, 03 de noviembre de 2018.-<\/b>\u00a0Falta mucho camino por recorrer y un mayor esfuerzo para que nuestro g\u00e9nero tenga una verdadera y mayor presencia en las estructuras pol\u00edticas y sociales, coment\u00f3 la Maestra en Derecho, Beatriz Barrientos Garc\u00eda, actual titular de la Secretar\u00eda de Servicios Parlamentarios del Congreso del Estado de Michoac\u00e1n y primera mujer en ocupar este cargo en el Estado.<\/p>\n<p class=\"x_MsoNormal\">Aunque actualmente la inserci\u00f3n de las mujeres dentro de los poderes del Estado es escasa, podemos lograrlo, pues el camino ya est\u00e1 hecho y los primeros pasos est\u00e1n dados, se\u00f1al\u00f3.<\/p>\n<p class=\"x_MsoNormal\">&#8220;Seguimos siendo el g\u00e9nero que sostiene en gran medida el aparato social, pero que no lo dirige&#8221;, expres\u00f3 Barrientos Garc\u00eda al citar a Sabina Berman, poco despu\u00e9s de rendir protesta ante el pleno legislativo del Estado michoacano.<\/p>\n<p class=\"x_MsoNormal\">Con el nombramiento de Beatriz Barrientos Garc\u00eda, la LXXIV Legislatura rompe el esquema tradicional en la asignaci\u00f3n de espacios de primera jerarqu\u00eda y brinda la oportunidad a una mujer de origen sindicalista con m\u00e1s de 15 a\u00f1os de experiencia en el \u00e1rea de Servicios Parlamentarios, lo que representa tambi\u00e9n un reconocimiento a los trabajadores de base pues con ello se reconoce de manera colectiva, la preparaci\u00f3n acad\u00e9mica y laboral.<\/p>\n<p class=\"x_MsoNormal\">Seg\u00fan informaci\u00f3n de la Asociaci\u00f3n de Oficiales Mayores de M\u00e9xico, en los Congresos Locales del Pa\u00eds, solo existe una Oficial Mayor en Baja California, cargo con jerarqu\u00eda similar a la Secretaria de Servicios Parlamentarios y con el nombramiento otorgado en Michoac\u00e1n se abre una nueva puerta para el g\u00e9nero femenino, no solo en el estado sino en el pa\u00eds y se espera que este parteaguas sea replicado en todo el pa\u00eds.<\/p>\n","protected":false},"excerpt":{"rendered":"<p>\u00b7\u00a0\u00a0\u00a0\u00a0\u00a0\u00a0\u00a0\u00a0\u00a0Beatriz Barrientos, primera mujer Secretaria de Servicios Parlamentarios en el pa\u00eds Morelia; Michoac\u00e1n, 03 de noviembre de 2018.-\u00a0Falta mucho camino por recorrer y un mayor esfuerzo para que nuestro g\u00e9nero tenga una verdadera y mayor presencia en las estructuras pol\u00edticas y sociales, coment\u00f3 la Maestra en Derecho, Beatriz Barrientos Garc\u00eda, actual titular de la Secretar\u00eda [&hellip;]<\/p>\n","protected":false},"author":2,"featured_media":58365,"comment_status":"closed","ping_status":"closed","sticky":false,"template":"","format":"standard","meta":{"footnotes":""},"categories":[6],"tags":[],"class_list":["post-58364","post","type-post","status-publish","format-standard","has-post-thumbnail","hentry","category-congreso-del-estado"],"_links":{"self":[{"href":"https:\/\/radiowebmx.com\/nota\/wp-json\/wp\/v2\/posts\/58364","targetHints":{"allow":["GET"]}}],"collection":[{"href":"https:\/\/radiowebmx.com\/nota\/wp-json\/wp\/v2\/posts"}],"about":[{"href":"https:\/\/radiowebmx.com\/nota\/wp-json\/wp\/v2\/types\/post"}],"author":[{"embeddable":true,"href":"https:\/\/radiowebmx.com\/nota\/wp-json\/wp\/v2\/users\/2"}],"replies":[{"embeddable":true,"href":"https:\/\/radiowebmx.com\/nota\/wp-json\/wp\/v2\/comments?post=58364"}],"version-history":[{"count":1,"href":"https:\/\/radiowebmx.com\/nota\/wp-json\/wp\/v2\/posts\/58364\/revisions"}],"predecessor-version":[{"id":58366,"href":"https:\/\/radiowebmx.com\/nota\/wp-json\/wp\/v2\/posts\/58364\/revisions\/58366"}],"wp:featuredmedia":[{"embeddable":true,"href":"https:\/\/radiowebmx.com\/nota\/wp-json\/wp\/v2\/media\/58365"}],"wp:attachment":[{"href":"https:\/\/radiowebmx.com\/nota\/wp-json\/wp\/v2\/media?parent=58364"}],"wp:term":[{"taxonomy":"category","embeddable":true,"href":"https:\/\/radiowebmx.com\/nota\/wp-json\/wp\/v2\/categories?post=58364"},{"taxonomy":"post_tag","embeddable":true,"href":"https:\/\/radiowebmx.com\/nota\/wp-json\/wp\/v2\/tags?post=58364"}],"curies":[{"name":"wp","href":"https:\/\/api.w.org\/{rel}","templated":true}]}}