{"id":5825,"date":"2014-02-17T15:01:55","date_gmt":"2014-02-17T21:01:55","guid":{"rendered":"https:\/\/radiowebmx.com\/nota\/?p=5825"},"modified":"2014-03-04T15:04:44","modified_gmt":"2014-03-04T21:04:44","slug":"poliforum-sede-de-torneo-de-futbol-femenil","status":"publish","type":"post","link":"https:\/\/radiowebmx.com\/nota\/poliforum-sede-de-torneo-de-futbol-femenil\/","title":{"rendered":"Polif\u00f3rum, sede de Torneo de Futbol Femenil"},"content":{"rendered":"<p><span style=\"font-size: medium;\"><a href=\"https:\/\/radiowebmx.com\/nota\/wp-content\/uploads\/2014\/03\/poliforum-2.jpg\"><img loading=\"lazy\" decoding=\"async\" class=\"alignleft size-full wp-image-5826\" alt=\"poliforum 2\" src=\"https:\/\/radiowebmx.com\/nota\/wp-content\/uploads\/2014\/03\/poliforum-2.jpg\" width=\"591\" height=\"412\" \/><\/a>\u00a0La asociaci\u00f3n civil Democracia Social Juvenil Ave realiz\u00f3, con la colaboraci\u00f3n del Centro Municipal Polif\u00f3rum Digital de Morelia, el Primer Torneo Femenil de Futbol Uruguayo, en la cancha de las instalaciones de dicho centro con la participaci\u00f3n de 6 equipos de diferentes instituciones educativas.<\/span><\/p>\n<p><span style=\"font-size: medium;\">\u00a0<\/span><\/p>\n<p><span style=\"font-size: medium;\">El torneo rel\u00e1mpago cumpli\u00f3 el objetivo buscado, al promover el deporte y la sana convivencia entre equipos femeniles, brindando este tipo de espacios de competencia y fogueo para que\u00a0\u00a0las competidoras puedan poner en pr\u00e1ctica sus habilidades deportivas y a la vez que tegan la oportunidad de interactuar con diferentes personas que tienen esa misma pasi\u00f3n.<\/span><\/p>\n<p><span style=\"font-size: medium;\">\u00a0<\/span><\/p>\n<p><span style=\"font-size: medium;\">Las escuadras pertenecientes a las instituciones Club Cosmos, UVAQ, Preuniversitaria, UDEM, Cecytem y Universidad Tecnol\u00f3gica del Valle de Morelia compitieron en intensos y entretenidos partidos para lograr conseguir la copa de este torneo.<\/span><\/p>\n<p><span style=\"font-size: medium;\">\u00a0<\/span><\/p>\n<p><span style=\"font-size: medium;\">La final, que fue protagonizada por las escuadras de la Universidad Vasco de Quiroga y la Universidad de Morelia, fue una re\u00f1ida contienda en la cual se impuso la UVAQ para coronarse como el mejor equipo de la convocatoria 2014. El equipo del Colegio de Estudios Cient\u00edficos y Tecnol\u00f3gicos del Estado de Michoac\u00e1n (Cecytem) se levant\u00f3 en el p\u00f3dium con el tercer lugar.<\/span><\/p>\n<p><span style=\"font-size: medium;\">\u00a0<\/span><\/p>\n<p><span style=\"font-size: medium;\">Oscar G\u00e1lvez Villa, coordinador de Impulso Deportivo Juvenil de Democracia Social Juvenil Ave, se\u00f1al\u00f3 que se busca promover distintos espacios en donde la juventud converja para dar paso a nuevas ideas y propuestas que ayuden a fortalecer el tejido social de manera que se fortalezca a la entidad. La presidenta de la asociaci\u00f3n a nivel estatal y nacional, la Lic. Roc\u00edo Islas felicit\u00f3 a las ganadoras y reiter\u00f3 que se seguir\u00e1 trabajando para realizar, cada vez m\u00e1s, eventos de esta \u00edndole.<\/span><\/p>\n<p><span style=\"font-size: medium;\">\u00a0<\/span><\/p>\n<p><span style=\"font-size: medium;\">Asimismo, el Dr. Horacio Erik Avil\u00e9s Mart\u00ednez, director general del Polif\u00f3rum Digital dijo que es importante dar impulso a las organizaciones de la sociedad civil, especialmente a las que apoyan a la ni\u00f1ez y juventud moreliana ya que de ello depender\u00e1 el rumbo que tome la entidad. Destac\u00f3 adem\u00e1s que es instrucci\u00f3n del presidente municipal, Wilfrido L\u00e1zaro Medina, apoyar el crecimiento de la zona norte con la realizaci\u00f3n de este tipo de eventos que promuevan la actividad f\u00edsica, as\u00ed como los que promueven la cultura, el arte, la educaci\u00f3n y el emprendedurismo, que es uno de los objetivos de creaci\u00f3n del Polif\u00f3rum<\/span><\/p>\n","protected":false},"excerpt":{"rendered":"<p> La asociaci\u00f3n civil Democracia Social Juvenil Ave realiz\u00f3, con la colaboraci\u00f3n del Centro Municipal Polif\u00f3rum Digital de Morelia,<\/p>\n","protected":false},"author":1,"featured_media":0,"comment_status":"open","ping_status":"open","sticky":false,"template":"","format":"standard","meta":{"footnotes":""},"categories":[14,9],"tags":[],"class_list":["post-5825","post","type-post","status-publish","format-standard","hentry","category-destacadas","category-morelia"],"_links":{"self":[{"href":"https:\/\/radiowebmx.com\/nota\/wp-json\/wp\/v2\/posts\/5825","targetHints":{"allow":["GET"]}}],"collection":[{"href":"https:\/\/radiowebmx.com\/nota\/wp-json\/wp\/v2\/posts"}],"about":[{"href":"https:\/\/radiowebmx.com\/nota\/wp-json\/wp\/v2\/types\/post"}],"author":[{"embeddable":true,"href":"https:\/\/radiowebmx.com\/nota\/wp-json\/wp\/v2\/users\/1"}],"replies":[{"embeddable":true,"href":"https:\/\/radiowebmx.com\/nota\/wp-json\/wp\/v2\/comments?post=5825"}],"version-history":[{"count":1,"href":"https:\/\/radiowebmx.com\/nota\/wp-json\/wp\/v2\/posts\/5825\/revisions"}],"predecessor-version":[{"id":5827,"href":"https:\/\/radiowebmx.com\/nota\/wp-json\/wp\/v2\/posts\/5825\/revisions\/5827"}],"wp:attachment":[{"href":"https:\/\/radiowebmx.com\/nota\/wp-json\/wp\/v2\/media?parent=5825"}],"wp:term":[{"taxonomy":"category","embeddable":true,"href":"https:\/\/radiowebmx.com\/nota\/wp-json\/wp\/v2\/categories?post=5825"},{"taxonomy":"post_tag","embeddable":true,"href":"https:\/\/radiowebmx.com\/nota\/wp-json\/wp\/v2\/tags?post=5825"}],"curies":[{"name":"wp","href":"https:\/\/api.w.org\/{rel}","templated":true}]}}