{"id":58145,"date":"2018-10-29T11:22:03","date_gmt":"2018-10-29T17:22:03","guid":{"rendered":"https:\/\/radiowebmx.com\/nota\/?p=58145"},"modified":"2018-10-29T11:22:03","modified_gmt":"2018-10-29T17:22:03","slug":"con-autonomia-como-eje-central-impulsa-adrian-lopez-ley-organica-de-la-fiscalia-general","status":"publish","type":"post","link":"https:\/\/radiowebmx.com\/nota\/con-autonomia-como-eje-central-impulsa-adrian-lopez-ley-organica-de-la-fiscalia-general\/","title":{"rendered":"Con autonom\u00eda como eje central, impulsa Adri\u00e1n L\u00f3pez, Ley Org\u00e1nica de la Fiscal\u00eda General"},"content":{"rendered":"<p>\u00b7 Prioritario contar con \u00e1reas capaces de realizar investigaciones diligentes y objetivas para el esclarecimiento de los hechos delictivos<\/p>\n<p>Morelia; Michoac\u00e1n, 28 de octubre de 2018.- Para mejorar la efectividad de las investigaciones y la representaci\u00f3n de la acci\u00f3n penal ante los Tribunales, el coordinador del Grupo Parlamentario del Partido de la Revoluci\u00f3n Democr\u00e1tica en el Congreso del Estado, Adri\u00e1n L\u00f3pez Sol\u00eds impulsa una Ley Org\u00e1nica de la Fiscal\u00eda General del Estado que tiene como eje central la autonom\u00eda.<\/p>\n<p>La iniciativa de Ley ser\u00e1 presentada en la pr\u00f3xima sesi\u00f3n de Pleno de la LXXIV Legislatura local y busca una transformaci\u00f3n, legal e institucional con el fortalecimiento de las actividades de procuraci\u00f3n de justicia en la entidad a trav\u00e9s de actuaciones aut\u00f3nomas, independientes e imparciales frente a los Poderes del Estado y otros \u00f3rganos previstos en el texto constitucional.<\/p>\n<p>\u201cEsta iniciativa pretende que la actual Procuradur\u00eda General de Justicia del Estado una vez que se transforme en la Fiscal\u00eda General del Estado sea un \u00f3rgano constitucional aut\u00f3nomo, con personalidad jur\u00eddica, patrimonio propio, autonom\u00eda financiera, presupuestaria, t\u00e9cnica y de gesti\u00f3n\u201d, apunt\u00f3.<\/p>\n<p>Adri\u00e1n L\u00f3pez Sol\u00eds subray\u00f3 que la Ley Org\u00e1nica de la Fiscal\u00eda General debe conformarse con base en las exigencias del Sistema de Justicia Acusatorio Adversarial, de manera que se cuenten con instancias especializadas y capaces de realizar investigaciones diligentes y objetivas para lograr el esclarecimiento de los hechos delictivos.<\/p>\n<p>Explic\u00f3 que la iniciativa de Ley tambi\u00e9n toma como referente las exigencias de las leyes generales en materia de desaparici\u00f3n forzada de personas y desaparici\u00f3n cometida por particulares, tortura, combate a la corrupci\u00f3n, secuestro, violencia de g\u00e9nero, que instruyen la creaci\u00f3n de Fiscal\u00edas con plena autonom\u00eda t\u00e9cnica y operativa, enfocadas en el conocimiento, investigaci\u00f3n y persecuci\u00f3n de los delitos materia de su competencia.<\/p>\n<p>\u201cNo s\u00f3lo se busca fortalecer el engranaje institucional mediante la consolidaci\u00f3n de \u00e1reas desconcentradas, dotadas de los recursos humanos, financieros, materiales y t\u00e9cnicos, especializados y multidisciplinarios, necesarios para elevar la calidad de sus investigaciones, sino adem\u00e1s garantizar de manera efectiva los derechos de los intervinientes en los procedimientos penales y coadyuvar en el desarrollo de procesos imparciales y objetivos\u201d.<\/p>\n<p>Para la elaboraci\u00f3n de esta propuesta de Ley Org\u00e1nica, Adri\u00e1n L\u00f3pez Sol\u00eds refiri\u00f3 que se ha tomado en consideraci\u00f3n la evoluci\u00f3n de las conductas criminales las cuales, apoyadas en el uso de tecnolog\u00edas de la informaci\u00f3n, han dado paso al surgimiento de nuevos g\u00e9neros de delitos como lo son los llamados delitos cibern\u00e9ticos, obligando a configurar \u00e1reas estrat\u00e9gicas y especializadas con las facultades y herramientas necesarias para lograr la protecci\u00f3n de las v\u00edctimas, as\u00ed como la identificaci\u00f3n y sanci\u00f3n de los criminales.<\/p>\n<p>\u201cEs prioritario mejorar el servicio que la instituci\u00f3n presta a los ciudadanos a trav\u00e9s de las agencias del ministerio p\u00fablico, en donde las v\u00edctimas del delito exigen un trato oportuno, atento, respetuoso y efectivo, en la soluci\u00f3n de las investigaciones de hechos que les afectan a sus bienes, a sus derechos e intereses como a su integridad f\u00edsica\u201d.<\/p>\n<p>Por ello, remarc\u00f3 que se impulsa esta Ley Org\u00e1nica de la Fiscal\u00eda General, en la que tambi\u00e9n se establecen acciones para que se revierta la ecuaci\u00f3n entre la cifra negra sobre delitos denunciados y sancionados, para que se cumpla con la funci\u00f3n ejemplar de la pena y se combata la impunidad.<\/p>\n","protected":false},"excerpt":{"rendered":"<p>\u00b7 Prioritario contar con \u00e1reas capaces de realizar investigaciones diligentes y objetivas para el esclarecimiento de los hechos delictivos Morelia; Michoac\u00e1n, 28 de octubre de 2018.- Para mejorar la efectividad de las investigaciones y la representaci\u00f3n de la acci\u00f3n penal ante los Tribunales, el coordinador del Grupo Parlamentario del Partido de la Revoluci\u00f3n Democr\u00e1tica en [&hellip;]<\/p>\n","protected":false},"author":2,"featured_media":58146,"comment_status":"closed","ping_status":"closed","sticky":false,"template":"","format":"standard","meta":{"footnotes":""},"categories":[6],"tags":[],"class_list":["post-58145","post","type-post","status-publish","format-standard","has-post-thumbnail","hentry","category-congreso-del-estado"],"_links":{"self":[{"href":"https:\/\/radiowebmx.com\/nota\/wp-json\/wp\/v2\/posts\/58145","targetHints":{"allow":["GET"]}}],"collection":[{"href":"https:\/\/radiowebmx.com\/nota\/wp-json\/wp\/v2\/posts"}],"about":[{"href":"https:\/\/radiowebmx.com\/nota\/wp-json\/wp\/v2\/types\/post"}],"author":[{"embeddable":true,"href":"https:\/\/radiowebmx.com\/nota\/wp-json\/wp\/v2\/users\/2"}],"replies":[{"embeddable":true,"href":"https:\/\/radiowebmx.com\/nota\/wp-json\/wp\/v2\/comments?post=58145"}],"version-history":[{"count":1,"href":"https:\/\/radiowebmx.com\/nota\/wp-json\/wp\/v2\/posts\/58145\/revisions"}],"predecessor-version":[{"id":58147,"href":"https:\/\/radiowebmx.com\/nota\/wp-json\/wp\/v2\/posts\/58145\/revisions\/58147"}],"wp:featuredmedia":[{"embeddable":true,"href":"https:\/\/radiowebmx.com\/nota\/wp-json\/wp\/v2\/media\/58146"}],"wp:attachment":[{"href":"https:\/\/radiowebmx.com\/nota\/wp-json\/wp\/v2\/media?parent=58145"}],"wp:term":[{"taxonomy":"category","embeddable":true,"href":"https:\/\/radiowebmx.com\/nota\/wp-json\/wp\/v2\/categories?post=58145"},{"taxonomy":"post_tag","embeddable":true,"href":"https:\/\/radiowebmx.com\/nota\/wp-json\/wp\/v2\/tags?post=58145"}],"curies":[{"name":"wp","href":"https:\/\/api.w.org\/{rel}","templated":true}]}}