{"id":58126,"date":"2018-10-27T17:47:26","date_gmt":"2018-10-27T22:47:26","guid":{"rendered":"https:\/\/radiowebmx.com\/nota\/?p=58126"},"modified":"2018-10-27T17:47:26","modified_gmt":"2018-10-27T22:47:26","slug":"arturo-hernandez-inaugura-su-primera-casa-de-enlace-en-jacona","status":"publish","type":"post","link":"https:\/\/radiowebmx.com\/nota\/arturo-hernandez-inaugura-su-primera-casa-de-enlace-en-jacona\/","title":{"rendered":"Arturo Hern\u00e1ndez inaugura su primera casa de enlace en Jacona"},"content":{"rendered":"<p class=\"x_MsoNormal\"><i>\u2022 Sin distinci\u00f3n partidista, social o econ\u00f3mica se brindar\u00e1 atenci\u00f3n a los michoacanos, fue un compromiso, regresar a las calles como lo hicimos en campa\u00f1a.<\/i><\/p>\n<p class=\"x_MsoNormal\"><i>\u2022 Trabajaremos en equipo con los presidentes municipales para atender, a trav\u00e9s de la legislaci\u00f3n y la gesti\u00f3n, las necesidades principales de los ayuntamientos.<\/i><\/p>\n<p class=\"x_MsoNormal\"><i>\u2022 Se abrir\u00e1n las puertas de tres casas de enlace; Tanganc\u00edcuaro, Jacona y Zacapu, en las cuales el diputado local atender\u00e1 de manera directa dos veces al mes.<\/i><\/p>\n<p class=\"x_MsoNormal\"><b>\u00a0<\/b><\/p>\n<p class=\"x_MsoNormal\"><b>Jacona; Michoac\u00e1n, 27 de octubre de 2018<\/b>.- Con el compromiso de mantener la cercan\u00eda con la ciudadan\u00eda y trabajar en equipo con las presidencias municipales para atender sus principales necesidades, el vicecoordinador del grupo parlamentario del Partido Acci\u00f3n Nacional en el Congreso Local, Arturo Hern\u00e1ndez V\u00e1zquez inaugur\u00f3 su primera casa de enlace en Jacona, donde asegur\u00f3 que trabajar\u00e1 sin distingos partidistas por el bien de la poblaci\u00f3n.<\/p>\n<p class=\"x_MsoNormal\">Acompa\u00f1ado por la presidenta municipal de Tlazazalca, Gabriela Arreola Prado y los alcaldes de Ixtl\u00e1n, \u00c1ngel Mac\u00edas Mora, as\u00ed como de Tangamandapio, Eduardo Ceja Gil, ciudadanos, familiares y amigos, el diputado por el distrito 07, asegur\u00f3 que como lo comprometi\u00f3 en campa\u00f1a, desde el Congreso Local regresar\u00eda a las calles, ya que, pese a que su funci\u00f3n es legislar, tambi\u00e9n deben ser los enlaces para resolver y atender las principales necesidades de los michoacanos.<\/p>\n<p class=\"x_MsoNormal\">\u201cEn esta casa de enlace y gesti\u00f3n, se le atender\u00e1 a todo aquel que se acerque, sin distinguir su condici\u00f3n econ\u00f3mica o social. Porque fui electo como representante popular de todo el distrito y es as\u00ed como trabajar\u00e9, para todos ustedes. En este sentido, sepan tambi\u00e9n mis amigos los presidentes municipales que no habr\u00e1 distingos partidistas, trabajaremos en equipo y de forma conjunta\u201d, expres\u00f3.<\/p>\n<p class=\"x_MsoNormal\">Minutos antes de cortar el list\u00f3n del edificio que brindar\u00e1 apoyo jur\u00eddico gratuito, cursos de capacitaci\u00f3n en materia de auto empleo, salud, prevenci\u00f3n de adicciones, derechos humanos, la no violencia en contra de la mujer y el rescate de las tradiciones de los pueblos originarios, el legislador inform\u00f3 sobre sus actividades en el primer mes de labor, donde asegur\u00f3 que trabajar\u00e1 con responsabilidad desde la Comisi\u00f3n de Hacienda y Deuda P\u00fablica, para evitar endeudamientos injustificados, adem\u00e1s de impedir el aumento de impuestos a la poblaci\u00f3n.<\/p>\n<p class=\"x_MsoNormal\">\u201cComo pueden apreciar, desde el primer d\u00eda que tom\u00e9 protesta inici\u00e9 trabajando, no conozco otra forma de conseguir las cosas que no sea por la v\u00eda del esfuerzo y la perseverancia. Tengo presente que hay muchas cosas por hacer, pero aqu\u00ed se trata de hacerlo con la ayuda de todos\u201d, asegur\u00f3.<\/p>\n<p class=\"x_MsoNormal\">Inform\u00f3 que a m\u00e1s tardar en un mes se apertur\u00e1n el resto de las casas de enlace en Tanganc\u00edcuaro y Zacapu, donde \u00e9l, de manera personal, atender\u00e1 a la poblaci\u00f3n dos veces al mes, mientras que la atenci\u00f3n se brindar\u00e1 de lunes a viernes de manera gratuita.<\/p>\n<p class=\"x_MsoNormal\">Al finalizar, asegur\u00f3 a los alcaldes que \u00e9l ser\u00e1 su principal aliado, por lo que trabajar\u00e1 de manera coordinada y constante, ya que es tiempo de darle la vuelta a la p\u00e1gina y superar el tiempo de campa\u00f1a por el bien de la ciudadan\u00eda que m\u00e1s lo requiere.<\/p>\n","protected":false},"excerpt":{"rendered":"<p>\u2022 Sin distinci\u00f3n partidista, social o econ\u00f3mica se brindar\u00e1 atenci\u00f3n a los michoacanos, fue un compromiso, regresar a las calles como lo hicimos en campa\u00f1a. \u2022 Trabajaremos en equipo con los presidentes municipales para atender, a trav\u00e9s de la legislaci\u00f3n y la gesti\u00f3n, las necesidades principales de los ayuntamientos. \u2022 Se abrir\u00e1n las puertas de [&hellip;]<\/p>\n","protected":false},"author":2,"featured_media":58127,"comment_status":"closed","ping_status":"closed","sticky":false,"template":"","format":"standard","meta":{"footnotes":""},"categories":[6],"tags":[],"class_list":["post-58126","post","type-post","status-publish","format-standard","has-post-thumbnail","hentry","category-congreso-del-estado"],"_links":{"self":[{"href":"https:\/\/radiowebmx.com\/nota\/wp-json\/wp\/v2\/posts\/58126","targetHints":{"allow":["GET"]}}],"collection":[{"href":"https:\/\/radiowebmx.com\/nota\/wp-json\/wp\/v2\/posts"}],"about":[{"href":"https:\/\/radiowebmx.com\/nota\/wp-json\/wp\/v2\/types\/post"}],"author":[{"embeddable":true,"href":"https:\/\/radiowebmx.com\/nota\/wp-json\/wp\/v2\/users\/2"}],"replies":[{"embeddable":true,"href":"https:\/\/radiowebmx.com\/nota\/wp-json\/wp\/v2\/comments?post=58126"}],"version-history":[{"count":1,"href":"https:\/\/radiowebmx.com\/nota\/wp-json\/wp\/v2\/posts\/58126\/revisions"}],"predecessor-version":[{"id":58128,"href":"https:\/\/radiowebmx.com\/nota\/wp-json\/wp\/v2\/posts\/58126\/revisions\/58128"}],"wp:featuredmedia":[{"embeddable":true,"href":"https:\/\/radiowebmx.com\/nota\/wp-json\/wp\/v2\/media\/58127"}],"wp:attachment":[{"href":"https:\/\/radiowebmx.com\/nota\/wp-json\/wp\/v2\/media?parent=58126"}],"wp:term":[{"taxonomy":"category","embeddable":true,"href":"https:\/\/radiowebmx.com\/nota\/wp-json\/wp\/v2\/categories?post=58126"},{"taxonomy":"post_tag","embeddable":true,"href":"https:\/\/radiowebmx.com\/nota\/wp-json\/wp\/v2\/tags?post=58126"}],"curies":[{"name":"wp","href":"https:\/\/api.w.org\/{rel}","templated":true}]}}