{"id":5805,"date":"2014-02-06T14:37:08","date_gmt":"2014-02-06T20:37:08","guid":{"rendered":"https:\/\/radiowebmx.com\/nota\/?p=5805"},"modified":"2014-03-04T14:39:11","modified_gmt":"2014-03-04T20:39:11","slug":"jose-rodriguez-ayala-nuevo-director-de-mercados-y-comercio-en-la-via-publica-de-morelia%e2%80%8f","status":"publish","type":"post","link":"https:\/\/radiowebmx.com\/nota\/jose-rodriguez-ayala-nuevo-director-de-mercados-y-comercio-en-la-via-publica-de-morelia%e2%80%8f\/","title":{"rendered":"JOSE RODRIGUEZ AYALA NUEVO DIRECTOR DE MERCADOS Y COMERCIO EN LA VIA PUBLICA DE MORELIA\u200f"},"content":{"rendered":"<p>Como parte de una estrategia del presidente municipal Wilfrido L\u00e1zaro Medina, para fortalecer y eficientar el trabajo de la Secretar\u00eda de Servicios P\u00fablicos, se realiz\u00f3 el relevo del titular de la Direcci\u00f3n de Mercados y Comercio en V\u00eda P\u00fablica, cargo que ahora ser\u00e1 ocupado por Jos\u00e9 Alejandro Rodr\u00edguez Ayala en sustituci\u00f3n de Vicente Baeza Gil.<\/p>\n<p>&nbsp;<\/p>\n<p>En aras de consolidar lo que se est\u00e1 haciendo en la administraci\u00f3n, el secretario de Servicios P\u00fablicos, Iv\u00e1n Rodr\u00edguez Medina, se\u00f1al\u00f3 que el edil capitalino reconoce el esfuerzo de Vicente Baeza, sirviendo a los morelianos especialmente al frente de la Direcci\u00f3n de Mercados y por ello le solicit\u00f3 desempe\u00f1ar una nueva encomienda en otra \u00e1rea del Ayuntamiento.<\/p>\n<p>&nbsp;<\/p>\n<p>Por su parte, el funcionario saliente agradeci\u00f3 la oportunidad que le brind\u00f3 el jefe de la comuna y la suma de voluntades que tuvo todo el personal de la dependencia cuando fue nombrado en un \u00e1rea tan sensible del gobierno municipal; precis\u00f3 que conoce las metas que se buscan alcanzar cuando se llevan a cabo este tipo de relevos institucionales y enfatiz\u00f3 que estar\u00e1 donde lo necesiten.<\/p>\n<p>&nbsp;<\/p>\n<p>En tanto, el nuevo titular de la Direcci\u00f3n de Mercados, Jos\u00e9 Alejandro Rodr\u00edguez Ayala, quien fung\u00eda anteriormente como subdirector de Inspecci\u00f3n y Vigilancia, aprovech\u00f3 la presencia del personal para solicitarles se sumen con \u00e9l y as\u00ed dar buenos resultados al presidente, adem\u00e1s de brindar un trato adecuado a los comerciantes y a la ciudadan\u00eda.<\/p>\n<p>&nbsp;<\/p>\n<p>El reci\u00e9n nombrado director es contador p\u00fablico y dentro de su experiencia profesional fungi\u00f3 como auxiliar contable en el Departamento de Finanzas de la subdelegaci\u00f3n de Vivienda del ISSSTE en Michoac\u00e1n; auxiliar de oficina en la Secretar\u00eda de Administraci\u00f3n del Ayuntamiento de Morelia; auxiliar de auditor en la Contralor\u00eda municipal e inspector de la Direcci\u00f3n de Medio Ambiente.<\/p>\n","protected":false},"excerpt":{"rendered":"<p>Como parte de una estrategia del presidente municipal Wilfrido L\u00e1zaro Medina, para fortalecer y eficientar el trabajo de la Secretar\u00eda de Servicios P\u00fablicos, se realiz\u00f3 el relevo del titular de la Direcci\u00f3n de Mercados y Comercio en V\u00eda P\u00fablica, cargo que ahora ser\u00e1 ocupado por Jos\u00e9 Alejandro Rodr\u00edguez Ayala en sustituci\u00f3n de Vicente Baeza Gil.<\/p>\n","protected":false},"author":1,"featured_media":0,"comment_status":"open","ping_status":"open","sticky":false,"template":"","format":"standard","meta":{"footnotes":""},"categories":[9],"tags":[],"class_list":["post-5805","post","type-post","status-publish","format-standard","hentry","category-morelia"],"_links":{"self":[{"href":"https:\/\/radiowebmx.com\/nota\/wp-json\/wp\/v2\/posts\/5805","targetHints":{"allow":["GET"]}}],"collection":[{"href":"https:\/\/radiowebmx.com\/nota\/wp-json\/wp\/v2\/posts"}],"about":[{"href":"https:\/\/radiowebmx.com\/nota\/wp-json\/wp\/v2\/types\/post"}],"author":[{"embeddable":true,"href":"https:\/\/radiowebmx.com\/nota\/wp-json\/wp\/v2\/users\/1"}],"replies":[{"embeddable":true,"href":"https:\/\/radiowebmx.com\/nota\/wp-json\/wp\/v2\/comments?post=5805"}],"version-history":[{"count":3,"href":"https:\/\/radiowebmx.com\/nota\/wp-json\/wp\/v2\/posts\/5805\/revisions"}],"predecessor-version":[{"id":5808,"href":"https:\/\/radiowebmx.com\/nota\/wp-json\/wp\/v2\/posts\/5805\/revisions\/5808"}],"wp:attachment":[{"href":"https:\/\/radiowebmx.com\/nota\/wp-json\/wp\/v2\/media?parent=5805"}],"wp:term":[{"taxonomy":"category","embeddable":true,"href":"https:\/\/radiowebmx.com\/nota\/wp-json\/wp\/v2\/categories?post=5805"},{"taxonomy":"post_tag","embeddable":true,"href":"https:\/\/radiowebmx.com\/nota\/wp-json\/wp\/v2\/tags?post=5805"}],"curies":[{"name":"wp","href":"https:\/\/api.w.org\/{rel}","templated":true}]}}