{"id":57923,"date":"2018-10-24T17:37:34","date_gmt":"2018-10-24T22:37:34","guid":{"rendered":"https:\/\/radiowebmx.com\/nota\/?p=57923"},"modified":"2018-10-24T17:37:34","modified_gmt":"2018-10-24T22:37:34","slug":"en-materia-de-igualdad-de-genero-el-legislativo-y-el-ejecutivo-trabajaremos-coordinados-diputada-lucila-martinez-manriquez","status":"publish","type":"post","link":"https:\/\/radiowebmx.com\/nota\/en-materia-de-igualdad-de-genero-el-legislativo-y-el-ejecutivo-trabajaremos-coordinados-diputada-lucila-martinez-manriquez\/","title":{"rendered":"En materia de Igualdad de G\u00e9nero el Legislativo y el Ejecutivo trabajaremos coordinados, Diputada Lucila Mart\u00ednez Manr\u00edquez"},"content":{"rendered":"<p class=\"x_MsoNormal\"><b>Morelia; Michoac\u00e1n, 23 de octubre de 2018<\/b>.-\u00a0La Comisi\u00f3n de Igualdad y G\u00e9nero del Congreso del Estado, hace un compromiso firme con la sociedad michoacana para que a trav\u00e9s de la educaci\u00f3n, formaci\u00f3n y el trabajo del hombre y de la mujer,\u00a0 se pueda llegar a una igualdad sustantiva, asegur\u00f3 la Diputada del Partido Verde Ecologista de M\u00e9xico, \u00a0Lucila Mart\u00ednez Manr\u00edquez.<\/p>\n<p class=\"x_MsoNormal\">La presidenta de esta Comisi\u00f3n Legislativa en la C\u00e1mara de Diputados, enfatiz\u00f3 lo anterior al ofrecer una conferencia de prensa en compa\u00f1\u00eda de la Secretar\u00eda de Igualdad Sustantiva y Desarrollo de las Mujeres, Nuria Gabriela Hern\u00e1ndez Abarca, donde se anunci\u00f3 la coordinaci\u00f3n y suma de esfuerzos de los Poderes Ejecutivo y Legislativo para trabajar en materia de Equidad y G\u00e9nero.<\/p>\n<p class=\"x_MsoNormal\">En su intervenci\u00f3n, Mart\u00ednez Manr\u00edquez dijo que durante mucho tiempo ha existido una labor desvinculada que no permite avanzar en materia de desigualdad.<\/p>\n<p class=\"x_MsoNormal\">Sin embargo, ahora con sinergias y en plena coordinaci\u00f3n y respeto entre las partes se incidir\u00e1 en un trabajo fuerte y de respeto en este tema.<\/p>\n<p class=\"x_MsoNormal\">Agreg\u00f3 que se tendr\u00e1n reformas y armonizaci\u00f3n en materia legislativa para la igualdad y en aquellas que adem\u00e1s tengan como objetivo &#8220;prevenir y erradicar cualquier tipo de violencia en contra de las mujeres&#8221;.<\/p>\n<p class=\"x_MsoNormal\">Y por parte del Ejecutivo, la creaci\u00f3n e implementaci\u00f3n de pol\u00edticas p\u00fablicas adecuadas para el mismo fin, se congratul\u00f3.<\/p>\n<p class=\"x_MsoNormal\">Una de estas acciones en principio ser\u00e1 un curso para legislar con perspectivas de g\u00e9nero en el que tomar\u00e1n parte los 40 legisladores locales, enfatiz\u00f3.<\/p>\n<p class=\"x_MsoNormal\">En su oportunidad, la Diputada Zenaida Salvador Br\u00edgido integrante de esta Comisi\u00f3n Legislativa, detall\u00f3 las sinergias en que habr\u00e1n de desarrollarse estos trabajos en favor la equidad.<\/p>\n<p class=\"x_MsoNormal\">Resalt\u00f3 la importancia de la suma de esfuerzos en que en su oportunidad, deber\u00e1n sumarse los municipios de Michoac\u00e1n para estas tareas de paridad.<\/p>\n<p class=\"x_MsoNormal\">Dijo que a nivel municipal se ha hecho caso omiso para establecer medidas que incidan as favor de la seguridad de las mujeres michoacanas.<\/p>\n<p class=\"x_MsoNormal\">En tanto la titular de la Seimujer, dijo que hay decisi\u00f3n firme por trabajar de manera conjunta para legislar en perspectiva de g\u00e9nero.<\/p>\n<p class=\"x_MsoNormal\">\n<p class=\"x_MsoNormal\">Tenemos que tener un parlamento sensible al g\u00e9nero en donde las y los diputados y personal en general que labora en el Legislativo, sean ejecutores de un pleno respeto a los derechos humanos.<\/p>\n<p class=\"x_MsoNormal\">Queremos y buscamos un impacto positivo en esta materia para las y los michoacanos, a\u00f1adi\u00f3.<\/p>\n<p class=\"x_MsoNormal\">Este 29 de octubre los trabajos iniciar\u00e1n con una capacitaci\u00f3n en varios temas donde estar\u00e1n verti\u00e9ndose las primeras propuestas en perspectivas de g\u00e9nero.<\/p>\n","protected":false},"excerpt":{"rendered":"<p>Morelia; Michoac\u00e1n, 23 de octubre de 2018.-\u00a0La Comisi\u00f3n de Igualdad y G\u00e9nero del Congreso del Estado, hace un compromiso firme con la sociedad michoacana para que a trav\u00e9s de la educaci\u00f3n, formaci\u00f3n y el trabajo del hombre y de la mujer,\u00a0 se pueda llegar a una igualdad sustantiva, asegur\u00f3 la Diputada del Partido Verde Ecologista [&hellip;]<\/p>\n","protected":false},"author":2,"featured_media":57924,"comment_status":"closed","ping_status":"closed","sticky":false,"template":"","format":"standard","meta":{"footnotes":""},"categories":[6],"tags":[],"class_list":["post-57923","post","type-post","status-publish","format-standard","has-post-thumbnail","hentry","category-congreso-del-estado"],"_links":{"self":[{"href":"https:\/\/radiowebmx.com\/nota\/wp-json\/wp\/v2\/posts\/57923","targetHints":{"allow":["GET"]}}],"collection":[{"href":"https:\/\/radiowebmx.com\/nota\/wp-json\/wp\/v2\/posts"}],"about":[{"href":"https:\/\/radiowebmx.com\/nota\/wp-json\/wp\/v2\/types\/post"}],"author":[{"embeddable":true,"href":"https:\/\/radiowebmx.com\/nota\/wp-json\/wp\/v2\/users\/2"}],"replies":[{"embeddable":true,"href":"https:\/\/radiowebmx.com\/nota\/wp-json\/wp\/v2\/comments?post=57923"}],"version-history":[{"count":1,"href":"https:\/\/radiowebmx.com\/nota\/wp-json\/wp\/v2\/posts\/57923\/revisions"}],"predecessor-version":[{"id":57925,"href":"https:\/\/radiowebmx.com\/nota\/wp-json\/wp\/v2\/posts\/57923\/revisions\/57925"}],"wp:featuredmedia":[{"embeddable":true,"href":"https:\/\/radiowebmx.com\/nota\/wp-json\/wp\/v2\/media\/57924"}],"wp:attachment":[{"href":"https:\/\/radiowebmx.com\/nota\/wp-json\/wp\/v2\/media?parent=57923"}],"wp:term":[{"taxonomy":"category","embeddable":true,"href":"https:\/\/radiowebmx.com\/nota\/wp-json\/wp\/v2\/categories?post=57923"},{"taxonomy":"post_tag","embeddable":true,"href":"https:\/\/radiowebmx.com\/nota\/wp-json\/wp\/v2\/tags?post=57923"}],"curies":[{"name":"wp","href":"https:\/\/api.w.org\/{rel}","templated":true}]}}