{"id":5789,"date":"2014-02-02T14:16:53","date_gmt":"2014-02-02T20:16:53","guid":{"rendered":"https:\/\/radiowebmx.com\/nota\/?p=5789"},"modified":"2014-03-04T14:19:52","modified_gmt":"2014-03-04T20:19:52","slug":"redes-por-el-empleo-herramienta-efectiva-para-ofrecer-vacantes","status":"publish","type":"post","link":"https:\/\/radiowebmx.com\/nota\/redes-por-el-empleo-herramienta-efectiva-para-ofrecer-vacantes\/","title":{"rendered":"Redes por el Empleo, herramienta efectiva para ofrecer vacantes"},"content":{"rendered":"<p><a href=\"https:\/\/radiowebmx.com\/nota\/wp-content\/uploads\/2014\/03\/luis-navarro-5.jpg\"><img loading=\"lazy\" decoding=\"async\" class=\"alignleft size-full wp-image-5790\" alt=\"luis navarro (5)\" src=\"https:\/\/radiowebmx.com\/nota\/wp-content\/uploads\/2014\/03\/luis-navarro-5.jpg\" width=\"591\" height=\"335\" \/><\/a>Con el af\u00e1n de apoyar a los morelianos para que cuenten con una fuente laboral para elevar su calidad de vida y la de sus familias, el Ayuntamiento de Morelia, liderado por el presidente Wilfrido L\u00e1zaro Medina, a trav\u00e9s de la Secretar\u00eda de Fomento Econ\u00f3mico prepara la Primera Jornada \u201cRedes por el Empleo\u201d 2014 a celebrarse el pr\u00f3ximo 21 del presente mes.<\/p>\n<p>&nbsp;<\/p>\n<p>El titular de la dependencia, Luis Navarro Garc\u00eda, justific\u00f3 que las condiciones econ\u00f3micas de Morelia, as\u00ed como las del estado y el pa\u00eds, han resultado adversas para todos los sectores; sin embargo, es prioritario para el gobierno de Wilfrido L\u00e1zaro fortalecer e impulsar la vinculaci\u00f3n entre las empresas y los solicitantes de empleo para que mayor n\u00famero de morelianos se ocupen en alg\u00fan puesto laboral y sus familias accedan a mejores niveles de bienestar.<\/p>\n<p>&nbsp;<\/p>\n<p>Por lo anterior, dio a conocer que la dependencia a su cargo, en coordinaci\u00f3n con empresas y organizaciones de la iniciativa privada, ya prepara la feria municipal del empleo, en la que los participantes ofertar\u00e1n oportunidades laborales para morelianos de todas las edades.<\/p>\n<p>&nbsp;<\/p>\n<p>Luis Navarro asegur\u00f3 que se abrir\u00e1n verdaderos espacios para que los morelianos encuentren un empleo digno.<\/p>\n<p>&nbsp;<\/p>\n<p>A la par, enfatiz\u00f3 que existe el programa Redes por el Empleo, que es un portal que representa un escaparate para oferentes y buscadores de trabajo, \u201cy no se necesita tener amplios conocimientos en computaci\u00f3n o internet para navegar\u201d.<\/p>\n<p>&nbsp;<\/p>\n<p>Destac\u00f3 que desde el inicio del programa Redes por el Empleo, en marzo de 2013, el portal ha captado 191 mil visitantes y se han registrado nueve mil 792 buscadores de trabajo. \u201cActualmente, hay registradas 352 empresas que ofrecen empleo y existen 594 vacantes\u201d.<\/p>\n<p>&nbsp;<\/p>\n<p>Navarro Garc\u00eda asegur\u00f3 que este a\u00f1o se multiplicar\u00e1n los esfuerzos con la intenci\u00f3n de que mayor n\u00famero de empresas utilicen el portal para promover sus puestos vacantes y de igual modo, que m\u00e1s morelianos accedan y encuentren oportunidades para laborar y obtener ingresos.<\/p>\n<p>&nbsp;<\/p>\n<p>Se\u00f1al\u00f3 que en el mismo portal, cuya direcci\u00f3n es\u00a0<a href=\"http:\/\/www.redesporelempleo.com\/\" target=\"_blank\">www.redesporelempleo.com<\/a>, se promueven una serie de cursos de capacitaci\u00f3n. Entre otros temas, dijo, se han impartido sobre expectativas fiscales, administraci\u00f3n y evaluaci\u00f3n de la empresa, administraci\u00f3n del efectivo, relaci\u00f3n laboral, costo de ventas y declaraciones anuales.<\/p>\n<p>&nbsp;<\/p>\n<p>Por \u00faltimo, el secretario municipal de Fomento Econ\u00f3mico mencion\u00f3 que el acceso al portal Redes por el Empleo es gratuito tanto para empresas como para buscadores de trabajo, y su navegaci\u00f3n es muy sencilla.<\/p>\n<p>&nbsp;<\/p>\n<p>&nbsp;<\/p>\n<p>Numeralia.<\/p>\n<p>&nbsp;<\/p>\n<ul>\n<li>De su creaci\u00f3n a la fecha, el sitio ha recibido 191 mil visitas<\/li>\n<li>Se han registrado nueve mil 792 buscadores de empleo<\/li>\n<li>Se prepara la feria del empleo en el municipio de Morelia<\/li>\n<\/ul>\n","protected":false},"excerpt":{"rendered":"<p>Con el af\u00e1n de apoyar a los morelianos para que cuenten con una fuente laboral para elevar su calidad de vida y la de sus familias, el Ayuntamiento de Morelia, liderado por el presidente Wilfrido L\u00e1zaro Medina,<\/p>\n","protected":false},"author":1,"featured_media":0,"comment_status":"open","ping_status":"open","sticky":false,"template":"","format":"standard","meta":{"footnotes":""},"categories":[14,9],"tags":[],"class_list":["post-5789","post","type-post","status-publish","format-standard","hentry","category-destacadas","category-morelia"],"_links":{"self":[{"href":"https:\/\/radiowebmx.com\/nota\/wp-json\/wp\/v2\/posts\/5789","targetHints":{"allow":["GET"]}}],"collection":[{"href":"https:\/\/radiowebmx.com\/nota\/wp-json\/wp\/v2\/posts"}],"about":[{"href":"https:\/\/radiowebmx.com\/nota\/wp-json\/wp\/v2\/types\/post"}],"author":[{"embeddable":true,"href":"https:\/\/radiowebmx.com\/nota\/wp-json\/wp\/v2\/users\/1"}],"replies":[{"embeddable":true,"href":"https:\/\/radiowebmx.com\/nota\/wp-json\/wp\/v2\/comments?post=5789"}],"version-history":[{"count":2,"href":"https:\/\/radiowebmx.com\/nota\/wp-json\/wp\/v2\/posts\/5789\/revisions"}],"predecessor-version":[{"id":5792,"href":"https:\/\/radiowebmx.com\/nota\/wp-json\/wp\/v2\/posts\/5789\/revisions\/5792"}],"wp:attachment":[{"href":"https:\/\/radiowebmx.com\/nota\/wp-json\/wp\/v2\/media?parent=5789"}],"wp:term":[{"taxonomy":"category","embeddable":true,"href":"https:\/\/radiowebmx.com\/nota\/wp-json\/wp\/v2\/categories?post=5789"},{"taxonomy":"post_tag","embeddable":true,"href":"https:\/\/radiowebmx.com\/nota\/wp-json\/wp\/v2\/tags?post=5789"}],"curies":[{"name":"wp","href":"https:\/\/api.w.org\/{rel}","templated":true}]}}