{"id":57879,"date":"2018-10-23T13:14:06","date_gmt":"2018-10-23T18:14:06","guid":{"rendered":"https:\/\/radiowebmx.com\/nota\/?p=57879"},"modified":"2018-10-23T13:14:06","modified_gmt":"2018-10-23T18:14:06","slug":"improcedente-juicio-politico-contra-presidente-y-sindico-municipal-de-patzcuaro-diputados","status":"publish","type":"post","link":"https:\/\/radiowebmx.com\/nota\/improcedente-juicio-politico-contra-presidente-y-sindico-municipal-de-patzcuaro-diputados\/","title":{"rendered":"Improcedente juicio pol\u00edtico contra presidente y s\u00edndico municipal de P\u00e1tzcuaro: diputados"},"content":{"rendered":"<ul type=\"disc\">\n<li class=\"x_MsoNormal\">En comisiones unidas, los diputados locales determinaron que no existen elementos para declarar juicio pol\u00edtico en contra de dichos funcionarios<\/li>\n<\/ul>\n<p class=\"x_MsoNormal\">\n<p class=\"x_MsoNormal\">Con la finalidad de darle certeza y gobernanza al Estado y en cumplimiento a lo dispuesto en la legislaci\u00f3n local, los integrantes de las Comisiones de Gobernaci\u00f3n y Puntos Constitucionales \u00a0aprobaron en reuni\u00f3n de comisiones unidas, el dictamen para declarar improcedente el juicio pol\u00edtico en contra del presidente municipal de P\u00e1tzcuaro, V\u00edctor B\u00e1ez Ceja, as\u00ed como del s\u00edndico municipal, durante la administraci\u00f3n 2015-2018.<\/p>\n<p class=\"x_MsoNormal\">De manera un\u00e1nime, los diputados Sergio B\u00e1ez Torres, \u00c9rik Ju\u00e1rez Blanquet, David Cort\u00e9s Mendoza, Alfredo Ram\u00edrez Bedolla, Adri\u00e1n L\u00f3pez Sol\u00eds, Brenda Fraga Guti\u00e9rrez, Marco Polo Aguirre y Omar Carre\u00f3n Abud, tomaron el acuerdo de presentarlo ante la Presidencia de la Mesa Directiva para que sea votado ante el Pleno del Congreso local.<\/p>\n<p class=\"x_MsoNormal\">Lo anterior luego de que en sesi\u00f3n del mes de agosto, el Congreso michoacano recibi\u00f3 la solicitud de juicio pol\u00edtico por parte de una ciudadana, acusando a los funcionarios antes mencionados de malversaci\u00f3n de recursos.<\/p>\n<p class=\"x_MsoNormal\">Derivado de ello, el presidente de la Comisi\u00f3n de Puntos Constitucionales, \u00c9rik Ju\u00e1rez Blanquet, detall\u00f3 que los documentos presentados no son suficientes para instalar un proceso de juicio pol\u00edtico, ni se advierte que los hechos denunciados sean competencia de esta Comisi\u00f3n.<\/p>\n<p class=\"x_MsoNormal\">Por ello, los integrantes de ambas comisiones tomaron el acuerdo de dictaminarlo como improcedente, as\u00ed como notificar a la demandante de la falta de pruebas para poder enmarcar los elementos presentados como causantes de un juicio pol\u00edtico.<\/p>\n<p class=\"x_MsoNormal\">Finalmente, los diputados locales refrendaron su compromiso de seguir velando por la legalidad y la impartici\u00f3n de justicia en el estado, reiterando la oportunidad de seguir trabajando por un beneficio mayor para la poblaci\u00f3n.<\/p>\n","protected":false},"excerpt":{"rendered":"<p>En comisiones unidas, los diputados locales determinaron que no existen elementos para declarar juicio pol\u00edtico en contra de dichos funcionarios Con la finalidad de darle certeza y gobernanza al Estado y en cumplimiento a lo dispuesto en la legislaci\u00f3n local, los integrantes de las Comisiones de Gobernaci\u00f3n y Puntos Constitucionales \u00a0aprobaron en reuni\u00f3n de comisiones [&hellip;]<\/p>\n","protected":false},"author":2,"featured_media":57880,"comment_status":"closed","ping_status":"closed","sticky":false,"template":"","format":"standard","meta":{"footnotes":""},"categories":[6],"tags":[],"class_list":["post-57879","post","type-post","status-publish","format-standard","has-post-thumbnail","hentry","category-congreso-del-estado"],"_links":{"self":[{"href":"https:\/\/radiowebmx.com\/nota\/wp-json\/wp\/v2\/posts\/57879","targetHints":{"allow":["GET"]}}],"collection":[{"href":"https:\/\/radiowebmx.com\/nota\/wp-json\/wp\/v2\/posts"}],"about":[{"href":"https:\/\/radiowebmx.com\/nota\/wp-json\/wp\/v2\/types\/post"}],"author":[{"embeddable":true,"href":"https:\/\/radiowebmx.com\/nota\/wp-json\/wp\/v2\/users\/2"}],"replies":[{"embeddable":true,"href":"https:\/\/radiowebmx.com\/nota\/wp-json\/wp\/v2\/comments?post=57879"}],"version-history":[{"count":1,"href":"https:\/\/radiowebmx.com\/nota\/wp-json\/wp\/v2\/posts\/57879\/revisions"}],"predecessor-version":[{"id":57881,"href":"https:\/\/radiowebmx.com\/nota\/wp-json\/wp\/v2\/posts\/57879\/revisions\/57881"}],"wp:featuredmedia":[{"embeddable":true,"href":"https:\/\/radiowebmx.com\/nota\/wp-json\/wp\/v2\/media\/57880"}],"wp:attachment":[{"href":"https:\/\/radiowebmx.com\/nota\/wp-json\/wp\/v2\/media?parent=57879"}],"wp:term":[{"taxonomy":"category","embeddable":true,"href":"https:\/\/radiowebmx.com\/nota\/wp-json\/wp\/v2\/categories?post=57879"},{"taxonomy":"post_tag","embeddable":true,"href":"https:\/\/radiowebmx.com\/nota\/wp-json\/wp\/v2\/tags?post=57879"}],"curies":[{"name":"wp","href":"https:\/\/api.w.org\/{rel}","templated":true}]}}