{"id":57864,"date":"2018-10-23T13:07:44","date_gmt":"2018-10-23T18:07:44","guid":{"rendered":"https:\/\/radiowebmx.com\/nota\/?p=57864"},"modified":"2018-10-23T13:07:44","modified_gmt":"2018-10-23T18:07:44","slug":"buscaremos-gestiones-y-recursos-para-ayudar-al-ayuntamiento-de-morelia-diputado-fermin-bernabe","status":"publish","type":"post","link":"https:\/\/radiowebmx.com\/nota\/buscaremos-gestiones-y-recursos-para-ayudar-al-ayuntamiento-de-morelia-diputado-fermin-bernabe\/","title":{"rendered":"Buscaremos gestiones y recursos para ayudar al Ayuntamiento de Morelia: Diputado Ferm\u00edn Bernab\u00e9"},"content":{"rendered":"<p class=\"x_MsoNormal\"><b>Morelia; Michoac\u00e1n, 22 de octubre de 2018<\/b>.-\u00a0El diputado Ferm\u00edn Bernab\u00e9 Bahena, recorre las colonias de Morelia afectadas por la tormenta provocada por el hurac\u00e1n Willa, acompa\u00f1ado por su equipo de trabajo, el representante de Movimiento Regeneraci\u00f3n Nacional por el distrito 10 de Morelia, invit\u00f3 a los afectados a acudir a los albergues habilitados en distintos puntos de la ciudad.<\/p>\n<p class=\"x_MsoNormal\">De forma inmediata, los Legisladores representantes de Movimiento Regeneraci\u00f3n Nacional coincidieron en que el recurso percibido como \u201cBolsa de Gesti\u00f3n\u201d y del cual los representantes de Morena no han hecho uso, sea destinado al apoyo de los afectados por la contingencia ambiental, se\u00f1alo el diputado Bernab\u00e9 Bahena a la par que invit\u00f3 a sus compa\u00f1eros legisladores as sumarse al donativo.<\/p>\n<p class=\"x_MsoNormal\">\u201cla situaci\u00f3n es grave, a\u00f1os de negligencia en la atenci\u00f3n de los servicios p\u00fablicos de drenaje y saneamiento se ven reflejados en las contingencias que resultan con las lluvias extempor\u00e1neas y en este caso con el paso del hurac\u00e1n Willa\u201d se\u00f1al\u00f3 el legislador de MORENA.<\/p>\n<p class=\"x_MsoNormal\">El alcalde de Morelia cuenta con el respaldo de los legisladores de la fracci\u00f3n de Regeneraci\u00f3n Nacional para presentar las iniciativas que crea necesarias para solucionar de fondo los problemas de la ciudad, as\u00ed tambi\u00e9n para solicitar recursos adicionales que puedan hacer frente a la situaci\u00f3n de suma urgencias que atraviesa el municipio.<\/p>\n<p class=\"x_MsoNormal\">Este martes, las brigadas de apoyo continuaran por la colonia Presa de los Reyes, Primo Tapia Poniente, Tres Puentes, Eduardo Ruiz, entre otras.<\/p>\n","protected":false},"excerpt":{"rendered":"<p>Morelia; Michoac\u00e1n, 22 de octubre de 2018.-\u00a0El diputado Ferm\u00edn Bernab\u00e9 Bahena, recorre las colonias de Morelia afectadas por la tormenta provocada por el hurac\u00e1n Willa, acompa\u00f1ado por su equipo de trabajo, el representante de Movimiento Regeneraci\u00f3n Nacional por el distrito 10 de Morelia, invit\u00f3 a los afectados a acudir a los albergues habilitados en distintos [&hellip;]<\/p>\n","protected":false},"author":2,"featured_media":57865,"comment_status":"closed","ping_status":"closed","sticky":false,"template":"","format":"standard","meta":{"footnotes":""},"categories":[6],"tags":[],"class_list":["post-57864","post","type-post","status-publish","format-standard","has-post-thumbnail","hentry","category-congreso-del-estado"],"_links":{"self":[{"href":"https:\/\/radiowebmx.com\/nota\/wp-json\/wp\/v2\/posts\/57864","targetHints":{"allow":["GET"]}}],"collection":[{"href":"https:\/\/radiowebmx.com\/nota\/wp-json\/wp\/v2\/posts"}],"about":[{"href":"https:\/\/radiowebmx.com\/nota\/wp-json\/wp\/v2\/types\/post"}],"author":[{"embeddable":true,"href":"https:\/\/radiowebmx.com\/nota\/wp-json\/wp\/v2\/users\/2"}],"replies":[{"embeddable":true,"href":"https:\/\/radiowebmx.com\/nota\/wp-json\/wp\/v2\/comments?post=57864"}],"version-history":[{"count":1,"href":"https:\/\/radiowebmx.com\/nota\/wp-json\/wp\/v2\/posts\/57864\/revisions"}],"predecessor-version":[{"id":57866,"href":"https:\/\/radiowebmx.com\/nota\/wp-json\/wp\/v2\/posts\/57864\/revisions\/57866"}],"wp:featuredmedia":[{"embeddable":true,"href":"https:\/\/radiowebmx.com\/nota\/wp-json\/wp\/v2\/media\/57865"}],"wp:attachment":[{"href":"https:\/\/radiowebmx.com\/nota\/wp-json\/wp\/v2\/media?parent=57864"}],"wp:term":[{"taxonomy":"category","embeddable":true,"href":"https:\/\/radiowebmx.com\/nota\/wp-json\/wp\/v2\/categories?post=57864"},{"taxonomy":"post_tag","embeddable":true,"href":"https:\/\/radiowebmx.com\/nota\/wp-json\/wp\/v2\/tags?post=57864"}],"curies":[{"name":"wp","href":"https:\/\/api.w.org\/{rel}","templated":true}]}}