{"id":57857,"date":"2018-10-23T13:05:07","date_gmt":"2018-10-23T18:05:07","guid":{"rendered":"https:\/\/radiowebmx.com\/nota\/?p=57857"},"modified":"2018-10-23T13:05:07","modified_gmt":"2018-10-23T18:05:07","slug":"diputadas-y-diputados-de-morena-aportaran-recursos-para-apoyar-a-damnificados-en-morelia","status":"publish","type":"post","link":"https:\/\/radiowebmx.com\/nota\/diputadas-y-diputados-de-morena-aportaran-recursos-para-apoyar-a-damnificados-en-morelia\/","title":{"rendered":"Diputadas y diputados de Morena aportar\u00e1n recursos para apoyar a damnificados en Morelia"},"content":{"rendered":"<p class=\"x_gmail-MsoListParagraph\">\u00b7\u00a0\u00a0\u00a0\u00a0\u00a0\u00a0\u00a0\u00a0\u00a0<i>Atender\u00e1n directamente las necesidades prioritarias de los ciudadanos afectados.<\/i><\/p>\n<p class=\"x_gmail-MsoNoSpacing\" align=\"right\">\n<p class=\"x_MsoNormal\"><b>\u00a0<\/b><\/p>\n<p class=\"x_MsoNormal\"><b>Apatzing\u00e1n; Michoac\u00e1n, 22 de octubre de 2018<\/b>.-\u00a0El Grupo Parlamentario de Morena en el Congreso del Estado manifiesta su solidaridad con los habitantes de Morelia que han resultado afectados por las contingencias clim\u00e1ticas, y trabajar\u00e1 en coordinaci\u00f3n con el gobierno municipal para atender las necesidades m\u00e1s urgentes de los damnificados.<\/p>\n<p class=\"x_MsoNormal\"><b>\u00a0<\/b><\/p>\n<p class=\"x_MsoNormal\">Las diputadas \u00a0y diputados de Morena que forman parte de la LXXIV Legislatura realizar\u00e1n aportaciones \u00a0\u00a0econ\u00f3micas \u00a0para atender requerimientos prioritarios \u00a0de ciudadanos que han sufrido da\u00f1os en su patrimonio, adem\u00e1s de asumir el compromiso de trabajar en coordinaci\u00f3n con los gobiernos estatal y municipal en la gesti\u00f3n de recursos extraordinarios para atender necesidades mayores; por ejemplo, subsanar p\u00e9rdidas en la producci\u00f3n agr\u00edcola de zonas rurales del municipio que no deben ser olvidadas.<\/p>\n<p class=\"x_MsoNormal\">\n<p class=\"x_MsoNormal\">Con el objetivo de que los apoyos econ\u00f3micos y materiales lleguen a quien realmente los necesita, los diputados de Morena electos por Morelia, Alfredo Ram\u00edrez Bedolla, Cristina Portillo Ayala y Ferm\u00edn Bernab\u00e9 Bahena atender\u00e1n en sus respectivos distritos las peticiones de los damnificados, por lo que ya han establecido contacto con el presidente municipal Ra\u00fal Mor\u00f3n Orozco para identificar las zonas m\u00e1s afectadas en el municipio.<\/p>\n<p class=\"x_MsoNormal\">\n<p class=\"x_MsoNormal\">La bancada de Morena convoca a la poblaci\u00f3n de Morelia a ser solidarios, y apoyar con los recursos materiales o humanos a su alcance para que las personas afectadas por las inundaciones puedan restablecer sus actividades cotidianas en breve, y sobreponerse a los da\u00f1os en su patrimonio.<\/p>\n","protected":false},"excerpt":{"rendered":"<p>\u00b7\u00a0\u00a0\u00a0\u00a0\u00a0\u00a0\u00a0\u00a0\u00a0Atender\u00e1n directamente las necesidades prioritarias de los ciudadanos afectados. \u00a0 Apatzing\u00e1n; Michoac\u00e1n, 22 de octubre de 2018.-\u00a0El Grupo Parlamentario de Morena en el Congreso del Estado manifiesta su solidaridad con los habitantes de Morelia que han resultado afectados por las contingencias clim\u00e1ticas, y trabajar\u00e1 en coordinaci\u00f3n con el gobierno municipal para atender las necesidades m\u00e1s [&hellip;]<\/p>\n","protected":false},"author":2,"featured_media":57858,"comment_status":"closed","ping_status":"closed","sticky":false,"template":"","format":"standard","meta":{"footnotes":""},"categories":[6],"tags":[],"class_list":["post-57857","post","type-post","status-publish","format-standard","has-post-thumbnail","hentry","category-congreso-del-estado"],"_links":{"self":[{"href":"https:\/\/radiowebmx.com\/nota\/wp-json\/wp\/v2\/posts\/57857","targetHints":{"allow":["GET"]}}],"collection":[{"href":"https:\/\/radiowebmx.com\/nota\/wp-json\/wp\/v2\/posts"}],"about":[{"href":"https:\/\/radiowebmx.com\/nota\/wp-json\/wp\/v2\/types\/post"}],"author":[{"embeddable":true,"href":"https:\/\/radiowebmx.com\/nota\/wp-json\/wp\/v2\/users\/2"}],"replies":[{"embeddable":true,"href":"https:\/\/radiowebmx.com\/nota\/wp-json\/wp\/v2\/comments?post=57857"}],"version-history":[{"count":1,"href":"https:\/\/radiowebmx.com\/nota\/wp-json\/wp\/v2\/posts\/57857\/revisions"}],"predecessor-version":[{"id":57859,"href":"https:\/\/radiowebmx.com\/nota\/wp-json\/wp\/v2\/posts\/57857\/revisions\/57859"}],"wp:featuredmedia":[{"embeddable":true,"href":"https:\/\/radiowebmx.com\/nota\/wp-json\/wp\/v2\/media\/57858"}],"wp:attachment":[{"href":"https:\/\/radiowebmx.com\/nota\/wp-json\/wp\/v2\/media?parent=57857"}],"wp:term":[{"taxonomy":"category","embeddable":true,"href":"https:\/\/radiowebmx.com\/nota\/wp-json\/wp\/v2\/categories?post=57857"},{"taxonomy":"post_tag","embeddable":true,"href":"https:\/\/radiowebmx.com\/nota\/wp-json\/wp\/v2\/tags?post=57857"}],"curies":[{"name":"wp","href":"https:\/\/api.w.org\/{rel}","templated":true}]}}