{"id":57851,"date":"2018-10-23T13:02:20","date_gmt":"2018-10-23T18:02:20","guid":{"rendered":"https:\/\/radiowebmx.com\/nota\/?p=57851"},"modified":"2018-10-23T13:02:20","modified_gmt":"2018-10-23T18:02:20","slug":"destaca-gppan-aporte-de-cuauhtemoc-cardenas-en-democracia-de-mexico","status":"publish","type":"post","link":"https:\/\/radiowebmx.com\/nota\/destaca-gppan-aporte-de-cuauhtemoc-cardenas-en-democracia-de-mexico\/","title":{"rendered":"Destaca GPPAN aporte de Cuauht\u00e9moc C\u00e1rdenas en democracia de M\u00e9xico"},"content":{"rendered":"<p class=\"x_gmail-m-1392489069106867930gmail-msonospacing\"><b>Apatzing\u00e1n; Michoac\u00e1n, 22 de octubre de 2018<\/b>.- El Grupo Parlamentario de Acci\u00f3n Nacional (GPPAN) reconoci\u00f3 el aporte que el ingeniero Cuauht\u00e9moc C\u00e1rdenas Sol\u00f3rzano ha realizado a la democracia en M\u00e9xico.<\/p>\n<p class=\"x_gmail-m-1392489069106867930gmail-msonospacing\">\n<p class=\"x_gmail-m-1392489069106867930gmail-msonospacing\">Javier Estrada C\u00e1rdenas, coordinador de los diputados panistas en el Congreso del Estado, dijo lo anterior en el marco de la entrega de la condecoraci\u00f3n \u201cConstituci\u00f3n de Apatzing\u00e1n\u201d, que en sesi\u00f3n solemne recibi\u00f3 hoy C\u00e1rdenas Sol\u00f3rzano.<\/p>\n<p class=\"x_gmail-m-1392489069106867930gmail-msonospacing\">\n<p class=\"x_gmail-m-1392489069106867930gmail-msonospacing\">\u201cA partir de la creaci\u00f3n del Frente Democr\u00e1tico Nacional, que lanza a Cuauht\u00e9moc C\u00e1rdenas como candidato a la Presidencia de la Rep\u00fablica, y con el trabajo pol\u00edtico que desde Acci\u00f3n Nacional realiz\u00f3 Manuel de Jes\u00fas Clouthier, nuestro querido \u2018Maqu\u00edo\u2019, las condiciones democr\u00e1ticas del pa\u00eds han venido cambiando y ahora la poblaci\u00f3n tiene la certeza de que su voto vale realmente\u201d, indic\u00f3.<\/p>\n<p class=\"x_gmail-m-1392489069106867930gmail-msonospacing\">\n<p class=\"x_gmail-m-1392489069106867930gmail-msonospacing\">Agreg\u00f3 que el Grupo Parlamentario de Acci\u00f3n Nacional, m\u00e1s all\u00e1 de cuestiones ideol\u00f3gicas, reconoce la lucha democr\u00e1tica que a trav\u00e9s de los a\u00f1os ha realizado C\u00e1rdenas Sol\u00f3rzano, tanto en la vida pol\u00edtica de Michoac\u00e1n como en la del pa\u00eds.<\/p>\n<p class=\"x_gmail-m-1392489069106867930gmail-msonospacing\">\n<p class=\"x_gmail-m-1392489069106867930gmail-msonospacing\">Estrada C\u00e1rdenas agreg\u00f3 que la fracci\u00f3n del PAN en la LXXIV Legislatura continuar\u00e1 trabajando porque cada vez m\u00e1s haya una mayor participaci\u00f3n democr\u00e1tica, generando que la sociedad est\u00e9 mejor informada.<\/p>\n<p class=\"x_gmail-m-1392489069106867930gmail-msonospacing\">\n<p class=\"x_gmail-m-1392489069106867930gmail-msonospacing\">\u201cEs necesario trabajar en rubros que le den certeza a la sociedad, que la informaci\u00f3n que obtengan previo a los procesos electorales sea la que en verdad corresponde a la realidad y, en este tema de la democracia, el ingeniero Cuauht\u00e9moc C\u00e1rdenas ha cumplido un papel muy importante en la vida democr\u00e1tica de M\u00e9xico\u201d, explic\u00f3.<\/p>\n","protected":false},"excerpt":{"rendered":"<p>Apatzing\u00e1n; Michoac\u00e1n, 22 de octubre de 2018.- El Grupo Parlamentario de Acci\u00f3n Nacional (GPPAN) reconoci\u00f3 el aporte que el ingeniero Cuauht\u00e9moc C\u00e1rdenas Sol\u00f3rzano ha realizado a la democracia en M\u00e9xico. Javier Estrada C\u00e1rdenas, coordinador de los diputados panistas en el Congreso del Estado, dijo lo anterior en el marco de la entrega de la condecoraci\u00f3n [&hellip;]<\/p>\n","protected":false},"author":2,"featured_media":57852,"comment_status":"closed","ping_status":"closed","sticky":false,"template":"","format":"standard","meta":{"footnotes":""},"categories":[6],"tags":[],"class_list":["post-57851","post","type-post","status-publish","format-standard","has-post-thumbnail","hentry","category-congreso-del-estado"],"_links":{"self":[{"href":"https:\/\/radiowebmx.com\/nota\/wp-json\/wp\/v2\/posts\/57851","targetHints":{"allow":["GET"]}}],"collection":[{"href":"https:\/\/radiowebmx.com\/nota\/wp-json\/wp\/v2\/posts"}],"about":[{"href":"https:\/\/radiowebmx.com\/nota\/wp-json\/wp\/v2\/types\/post"}],"author":[{"embeddable":true,"href":"https:\/\/radiowebmx.com\/nota\/wp-json\/wp\/v2\/users\/2"}],"replies":[{"embeddable":true,"href":"https:\/\/radiowebmx.com\/nota\/wp-json\/wp\/v2\/comments?post=57851"}],"version-history":[{"count":1,"href":"https:\/\/radiowebmx.com\/nota\/wp-json\/wp\/v2\/posts\/57851\/revisions"}],"predecessor-version":[{"id":57853,"href":"https:\/\/radiowebmx.com\/nota\/wp-json\/wp\/v2\/posts\/57851\/revisions\/57853"}],"wp:featuredmedia":[{"embeddable":true,"href":"https:\/\/radiowebmx.com\/nota\/wp-json\/wp\/v2\/media\/57852"}],"wp:attachment":[{"href":"https:\/\/radiowebmx.com\/nota\/wp-json\/wp\/v2\/media?parent=57851"}],"wp:term":[{"taxonomy":"category","embeddable":true,"href":"https:\/\/radiowebmx.com\/nota\/wp-json\/wp\/v2\/categories?post=57851"},{"taxonomy":"post_tag","embeddable":true,"href":"https:\/\/radiowebmx.com\/nota\/wp-json\/wp\/v2\/tags?post=57851"}],"curies":[{"name":"wp","href":"https:\/\/api.w.org\/{rel}","templated":true}]}}