{"id":57838,"date":"2018-10-23T12:56:25","date_gmt":"2018-10-23T17:56:25","guid":{"rendered":"https:\/\/radiowebmx.com\/nota\/?p=57838"},"modified":"2018-10-23T12:56:25","modified_gmt":"2018-10-23T17:56:25","slug":"gestionara-gppan-recursos-para-afectados-por-lluvias-en-morelia","status":"publish","type":"post","link":"https:\/\/radiowebmx.com\/nota\/gestionara-gppan-recursos-para-afectados-por-lluvias-en-morelia\/","title":{"rendered":"Gestionar\u00e1 GPPAN recursos para afectados por lluvias en Morelia"},"content":{"rendered":"<p>El Grupo Parlamentario del Partido Acci\u00f3n Nacional (PAN) gestionar\u00e1 recursos ante el Ejecutivo estatal y la LXXIV Legislatura, para atender y apoyar a los ciudadanos que resultaron afectados en Morelia por las fuertes lluvias e inundaciones de las \u00faltimas horas.<\/p>\n<p>Javier Estrada C\u00e1rdenas, coordinador de la fracci\u00f3n parlamentaria del PAN, explic\u00f3 que los ocho legisladores de Acci\u00f3n Nacional gestionar\u00e1n recursos para que Morelia cuente con la infraestructura necesaria para evitar inundaciones.<\/p>\n<p>\u201cVemos que Morelia necesita de una gran infraestructura para evitar esta problem\u00e1tica que de manera recurrente acontece en este municipio. Los diputados de Acci\u00f3n Nacional realizaremos gestiones para solucionar, de manera definitiva, esta problem\u00e1tica\u201d, se\u00f1al\u00f3.<\/p>\n<p>El diputado panista precis\u00f3 que el Grupo Parlamentario del PAN busca que el Gobierno de Michoac\u00e1n y la LXXIV Legislatura sumen esfuerzos, para atender de forma inmediata e integral a todos los ciudadanos que resultaron afectados por las fuertes lluvias que provoc\u00f3 el hurac\u00e1n \u201cWilla\u201d en Michoac\u00e1n.<\/p>\n<p>\u201cDialogaremos con el Gobierno del Michoac\u00e1n y gestionaremos en el Congreso del Estado los recursos excedentes del actual ejercicio fiscal legislativo, para ver la manera de inyectarlos de forma directa para resarcir los da\u00f1os que dejaron las lluvias\u201d, se\u00f1al\u00f3.<\/p>\n","protected":false},"excerpt":{"rendered":"<p>El Grupo Parlamentario del Partido Acci\u00f3n Nacional (PAN) gestionar\u00e1 recursos ante el Ejecutivo estatal y la LXXIV Legislatura, para atender y apoyar a los ciudadanos que resultaron afectados en Morelia por las fuertes lluvias e inundaciones de las \u00faltimas horas. Javier Estrada C\u00e1rdenas, coordinador de la fracci\u00f3n parlamentaria del PAN, explic\u00f3 que los ocho legisladores [&hellip;]<\/p>\n","protected":false},"author":2,"featured_media":57839,"comment_status":"closed","ping_status":"closed","sticky":false,"template":"","format":"standard","meta":{"footnotes":""},"categories":[6],"tags":[],"class_list":["post-57838","post","type-post","status-publish","format-standard","has-post-thumbnail","hentry","category-congreso-del-estado"],"_links":{"self":[{"href":"https:\/\/radiowebmx.com\/nota\/wp-json\/wp\/v2\/posts\/57838","targetHints":{"allow":["GET"]}}],"collection":[{"href":"https:\/\/radiowebmx.com\/nota\/wp-json\/wp\/v2\/posts"}],"about":[{"href":"https:\/\/radiowebmx.com\/nota\/wp-json\/wp\/v2\/types\/post"}],"author":[{"embeddable":true,"href":"https:\/\/radiowebmx.com\/nota\/wp-json\/wp\/v2\/users\/2"}],"replies":[{"embeddable":true,"href":"https:\/\/radiowebmx.com\/nota\/wp-json\/wp\/v2\/comments?post=57838"}],"version-history":[{"count":1,"href":"https:\/\/radiowebmx.com\/nota\/wp-json\/wp\/v2\/posts\/57838\/revisions"}],"predecessor-version":[{"id":57840,"href":"https:\/\/radiowebmx.com\/nota\/wp-json\/wp\/v2\/posts\/57838\/revisions\/57840"}],"wp:featuredmedia":[{"embeddable":true,"href":"https:\/\/radiowebmx.com\/nota\/wp-json\/wp\/v2\/media\/57839"}],"wp:attachment":[{"href":"https:\/\/radiowebmx.com\/nota\/wp-json\/wp\/v2\/media?parent=57838"}],"wp:term":[{"taxonomy":"category","embeddable":true,"href":"https:\/\/radiowebmx.com\/nota\/wp-json\/wp\/v2\/categories?post=57838"},{"taxonomy":"post_tag","embeddable":true,"href":"https:\/\/radiowebmx.com\/nota\/wp-json\/wp\/v2\/tags?post=57838"}],"curies":[{"name":"wp","href":"https:\/\/api.w.org\/{rel}","templated":true}]}}