{"id":57827,"date":"2018-10-23T12:51:48","date_gmt":"2018-10-23T17:51:48","guid":{"rendered":"https:\/\/radiowebmx.com\/nota\/?p=57827"},"modified":"2018-10-23T12:51:48","modified_gmt":"2018-10-23T17:51:48","slug":"requiere-mexico-un-golpe-de-timon-como-lo-fue-la-constitucion-de-apatzingan-sandra-luz-valencia","status":"publish","type":"post","link":"https:\/\/radiowebmx.com\/nota\/requiere-mexico-un-golpe-de-timon-como-lo-fue-la-constitucion-de-apatzingan-sandra-luz-valencia\/","title":{"rendered":"Requiere M\u00e9xico un golpe de tim\u00f3n como lo fue la Constituci\u00f3n de Apatzing\u00e1n: Sandra Luz Valencia"},"content":{"rendered":"<p class=\"x_MsoNormal\"><b>Apatzing\u00e1n; Michoac\u00e1n, 22 de octubre de 2018<\/b>.- A 204 a\u00f1os de su promulgaci\u00f3n, siguen vigentes m\u00e1s que nunca los Sentimientos de la Naci\u00f3n, M\u00e9xico est\u00e1 \u00e1vido de una mejor Naci\u00f3n, de un golpe de tim\u00f3n que recomponga al pa\u00eds, manifest\u00f3 la diputada Sandra Luz Valencia oradora oficial en la Sesi\u00f3n Solemne con motivo del CCIV de la Expedici\u00f3n del Decreto Constitucional para la Libertad de la Am\u00e9rica Mexicana.<\/p>\n<p>&nbsp;<\/p>\n<p><a href=\"https:\/\/radiowebmx.com\/nota\/wp-content\/uploads\/2018\/10\/Comunicado-219-1.jpg\"><img loading=\"lazy\" decoding=\"async\" class=\"alignnone size-medium wp-image-57829\" src=\"https:\/\/radiowebmx.com\/nota\/wp-content\/uploads\/2018\/10\/Comunicado-219-1-595x386.jpg\" alt=\"\" width=\"595\" height=\"386\" srcset=\"https:\/\/radiowebmx.com\/nota\/wp-content\/uploads\/2018\/10\/Comunicado-219-1-595x386.jpg 595w, https:\/\/radiowebmx.com\/nota\/wp-content\/uploads\/2018\/10\/Comunicado-219-1-768x498.jpg 768w, https:\/\/radiowebmx.com\/nota\/wp-content\/uploads\/2018\/10\/Comunicado-219-1-960x623.jpg 960w\" sizes=\"auto, (max-width: 595px) 100vw, 595px\" \/><\/a><\/p>\n<p class=\"x_MsoNormal\">\n<p class=\"x_MsoNormal\">En presencia de los representantes de los tres Poderes de Gobierno y de Silvia Mendoza Delegada de la Secretaria de Educaci\u00f3n P\u00fablica y representante personal del titular del Poder Ejecutivo Federal,\u00a0 se\u00a0 le entreg\u00f3 la condecoraci\u00f3n \u201cConstituci\u00f3n de Apatzing\u00e1n\u201d, al Ing. Cuauht\u00e9moc C\u00e1rdenas Sol\u00f3rzano,\u00a0 quien se ha distinguido por ser un hombre \u00edntegro, luchador incansable por la democratizaci\u00f3n de nuestro estado, aunado a que sigue contribuyendo al fortalecimiento, promoci\u00f3n, consolidaci\u00f3n de manera positiva a los Derechos Humanos de la Rep\u00fablica Mexicana.<\/p>\n<p class=\"x_MsoNormal\">\n<p class=\"x_MsoNormal\">En este sentido, la diputada del Partido Regeneraci\u00f3n Nacional destac\u00f3 que m\u00e1s que nunca este texto constitucional se aplica a la realidad actual, en donde el pa\u00eds reclama educaci\u00f3n, justicia, fuentes de empleo, en suma mejores condiciones de vida.<\/p>\n<p class=\"x_MsoNormal\">\n<p class=\"x_MsoNormal\">La congresista urgi\u00f3 a dinamizar la econom\u00eda, fuentes de empleo, campo, y ejemplific\u00f3 con la producci\u00f3n de lim\u00f3n en el municipio de Apatzing\u00e1n, que a decir de la parlamentaria, no es suficiente como \u00fanica fuente de ingresos.<\/p>\n<p class=\"x_MsoNormal\">\n<p class=\"x_MsoNormal\">Enfatiz\u00f3 que hace falta a\u00fan golpe de tim\u00f3n para recomponer al estado cuna de grandes h\u00e9roes, e hizo un llamado al Gobernador del Estado de Michoac\u00e1n a manejar con equidad los caudales p\u00fablicos, a gobernar para todos y no s\u00f3lo para un peque\u00f1o grupo, a gobernar con los valores que se establecieron en la Constituci\u00f3n de 1814.<\/p>\n<p class=\"x_MsoNormal\">\n<p class=\"x_MsoNormal\" align=\"center\"><b>Si rigiera Constituci\u00f3n de 1814, ser\u00edan delincuentes los que firmaron Acuerdo de Libre Comercio: Cuauht\u00e9moc C\u00e1rdenas<\/b><\/p>\n<p class=\"x_MsoNormal\">\n<p class=\"x_MsoNormal\">En su momento, el Ingeniero Cuauht\u00e9moc C\u00e1rdenas Sol\u00f3rzano, recipiendario de la condecoraci\u00f3n \u201cConstituci\u00f3n del Apatzing\u00e1n\u201d, conden\u00f3 que quienes han negociado el Acuerdo de Libre Comercio M\u00e9xico \u2013 Canad\u00e1 -Estado Unidos, de regir la Constituci\u00f3n de Apatzing\u00e1n, ser\u00edan acreedores a que se les declarar\u00e1 delincuentes de la Naci\u00f3n, ya que se\u00f1al\u00f3 que una Naci\u00f3n que no es due\u00f1a de sus destinos, carece de capacidad para poner en pr\u00e1ctica medidas de mejoramiento social y de crecimiento econ\u00f3mico.<\/p>\n<p class=\"x_MsoNormal\">\n<p class=\"x_MsoNormal\">Enfatiz\u00f3 que el recientemente firmado Acuerdo, impide que en los hechos los acuerdos comerciales con China y eventualmente tambi\u00e9n con otras naciones, impide la elaboraci\u00f3n de f\u00e1rmacos biotecnol\u00f3gicos, cancela sus M\u00e9xico la posibilidad de modificar en el futuro inmediato las regulaciones que rigen las industrias de las telecomunicaciones.<\/p>\n<p class=\"x_MsoNormal\">\n<p class=\"x_MsoNormal\">Reproch\u00f3 que casi cuatro d\u00e9cadas de pol\u00edtica neoliberales han tra\u00eddo como consecuencia una m\u00e1s extendida, m\u00e1s fuertemente y m\u00e1s compleja dependencia, pol\u00edtica y econ\u00f3mica, as\u00ed como una creciente desigualdad social y la concentraci\u00f3n desmedida de la riqueza en grupos cada vez m\u00e1s reducidos de la poblaci\u00f3n.<\/p>\n","protected":false},"excerpt":{"rendered":"<p>Apatzing\u00e1n; Michoac\u00e1n, 22 de octubre de 2018.- A 204 a\u00f1os de su promulgaci\u00f3n, siguen vigentes m\u00e1s que nunca los Sentimientos de la Naci\u00f3n, M\u00e9xico est\u00e1 \u00e1vido de una mejor Naci\u00f3n, de un golpe de tim\u00f3n que recomponga al pa\u00eds, manifest\u00f3 la diputada Sandra Luz Valencia oradora oficial en la Sesi\u00f3n Solemne con motivo del CCIV [&hellip;]<\/p>\n","protected":false},"author":2,"featured_media":57828,"comment_status":"closed","ping_status":"closed","sticky":false,"template":"","format":"standard","meta":{"footnotes":""},"categories":[6],"tags":[],"class_list":["post-57827","post","type-post","status-publish","format-standard","has-post-thumbnail","hentry","category-congreso-del-estado"],"_links":{"self":[{"href":"https:\/\/radiowebmx.com\/nota\/wp-json\/wp\/v2\/posts\/57827","targetHints":{"allow":["GET"]}}],"collection":[{"href":"https:\/\/radiowebmx.com\/nota\/wp-json\/wp\/v2\/posts"}],"about":[{"href":"https:\/\/radiowebmx.com\/nota\/wp-json\/wp\/v2\/types\/post"}],"author":[{"embeddable":true,"href":"https:\/\/radiowebmx.com\/nota\/wp-json\/wp\/v2\/users\/2"}],"replies":[{"embeddable":true,"href":"https:\/\/radiowebmx.com\/nota\/wp-json\/wp\/v2\/comments?post=57827"}],"version-history":[{"count":1,"href":"https:\/\/radiowebmx.com\/nota\/wp-json\/wp\/v2\/posts\/57827\/revisions"}],"predecessor-version":[{"id":57830,"href":"https:\/\/radiowebmx.com\/nota\/wp-json\/wp\/v2\/posts\/57827\/revisions\/57830"}],"wp:featuredmedia":[{"embeddable":true,"href":"https:\/\/radiowebmx.com\/nota\/wp-json\/wp\/v2\/media\/57828"}],"wp:attachment":[{"href":"https:\/\/radiowebmx.com\/nota\/wp-json\/wp\/v2\/media?parent=57827"}],"wp:term":[{"taxonomy":"category","embeddable":true,"href":"https:\/\/radiowebmx.com\/nota\/wp-json\/wp\/v2\/categories?post=57827"},{"taxonomy":"post_tag","embeddable":true,"href":"https:\/\/radiowebmx.com\/nota\/wp-json\/wp\/v2\/tags?post=57827"}],"curies":[{"name":"wp","href":"https:\/\/api.w.org\/{rel}","templated":true}]}}